{"id":2547,"date":"2014-04-05T11:23:26","date_gmt":"2014-04-05T11:23:26","guid":{"rendered":"https:\/\/www.sv-boeblingen.de\/turnen\/?p=2547"},"modified":"2019-12-04T11:32:05","modified_gmt":"2019-12-04T11:32:05","slug":"trotz-starker-konkurrenz-steckt-die-svb-nicht-zurueck-und-die-story-geht-weiter","status":"publish","type":"post","link":"https:\/\/www.sv-boeblingen.de\/turnen\/2014\/04\/05\/trotz-starker-konkurrenz-steckt-die-svb-nicht-zurueck-und-die-story-geht-weiter\/","title":{"rendered":"Trotz starker Konkurrenz steckt die SVB nicht zur\u00fcck &#8211; und die Story geht weiter"},"content":{"rendered":"<p><strong>Gaufinale, 05. April 2014 in Weissach<br \/>\n<\/strong><\/p>\n<p>Bereits am 22.02.2014 fanden die Bezirksmeisterschaften statt. 21 M\u00e4dels und 5 Jungs fuhren zusammen mit Trainern, Eltern und Kampfrichtern nach Rutesheim und waren bei den 3- bis 6-K\u00e4mpfen ganz vorne mit dabei. Und so qualifizierten sich 18 Turnerinnen und Turner sehr souver\u00e4n f\u00fcr das Gaufinale am 05.04.2014 in Weissach.<\/p>\n<p>Vormittags waren die j\u00fcngeren Turnerinnen mit ihren Trainerinnen Ayleen und Caroline am Start. Konzentration und Anspannung lag in der Luft und ganz aufgeregt ging somit auch Jule S. an das erste Ger\u00e4t &#8211; den Balken. Bei ihren Spr\u00fcngen geht ein anerkennendes Staunen durch die Riege. Alle M\u00e4dchen der D und E Jugend (s. Foto) konnten ihr K\u00f6nnen unter Beweis stellen und sich gegen die starke Konkurrenz durchsetzen. Dahingegen ging Leontine G. mit gewohnter Ruhe und Sicherheit an ihr erstes Ger\u00e4t. Auch Lucy Z. und Madeleine G. bewiesen mal wieder ihr K\u00f6nnen und erreichten somit einen Doppelsieg f\u00fcr die SVB mit Platz 1 und 2. Jule S. und Leontine G. platzierten sich mit 39,3 Punkten gemeinsam auf das Bronzetreppchen, knapp dahinter landete Florence B.. Im Pflicht-Vierkampf schaffte es Sofia P., trotz eine kleinen Patzers am Balken, auf einer sehr guten zweiten Platz.<\/p>\n<dl class=\"float-left\">\n<dt>\n<figure style=\"width: 588px\" class=\"wp-caption aligncenter\"><img loading=\"lazy\" src=\"https:\/\/www.sv-boeblingen.de\/turnen\/images\/ArticlePics\/2014040502.jpg\" alt=\"\" width=\"588\" height=\"440\" \/><figcaption class=\"wp-caption-text\">Stolze Siegerinnen<\/figcaption><\/figure><\/dt>\n<\/dl>\n<p>Die Jungs waren mit 4 Turnern und der Unterst\u00fctzung der Trainer Mario, Frank und Martin am Start. Christoph S. schaffte es mit 88,75 Punkten im 6-Kampf auf das Treppchen (2. Platz). Und Henrik W., Fabian M. und Dennis M. errangen im 3-Kampf Pl\u00e4tze unter den ersten 5. Nachmittags waren dann die M\u00e4dels der C-Jugend und offenen Klasse, mit den Trainerinnen Katja und Verena am Start. Fabienne E. und Svenja B. landeten beim Wahl-3-Kampf mit guten Leistungen im Mittelfeld. Alina P. belegte beim 4-Kampf den 7. Platz und Katja S. kam mit einer technisch sehr sauberen Leistung auf einen hervorragenden 2. Platz.<\/p>\n<p>Und die Story geht weiter: f\u00fcr das Regiofinale am 17.\/18.05.2014 in Besigheim haben sich Sofia P. und Christoph S. qualifiziert. Wir sind gespannt und w\u00fcnschen den beiden einen super Wettkampf!<\/p>\n<p><strong>Ein besonderer Dank geht diesmal an Yasmin B., die noch kurzfristig als Kampfrichter eingesprungen ist. Auch allen anderen Kampfrichtern und Riegenf\u00fchrern gilt ein gro\u00dfer Dank.<\/strong><\/p>\n<p><strong>Allen Teilnehmern und Trainern einen herzlichen Gl\u00fcckwunsch zum gelungenen Wettkampf!<\/strong><\/p>\n","protected":false},"excerpt":{"rendered":"<p>Bereits am 22.02.2014 fanden die Bezirksmeisterschaften statt. 21 M\u00e4dels und 5 Jungs fuhren zusammen mit Trainern, Eltern und Kampfrichtern nach Rutesheim und waren bei den 3- bis 6-K\u00e4mpfen ganz vorne mit dabei. Und so qualifizierten sich 18 Turnerinnen und Turner sehr souver\u00e4n f\u00fcr das Gaufinale am 05.04.2014 in Weissach.<\/p>\n","protected":false},"author":1,"featured_media":2548,"comment_status":"open","ping_status":"open","sticky":false,"template":"","format":"standard","meta":{"_vp_format_video_url":"","_vp_image_focal_point":[]},"categories":[41],"tags":[47],"featured_image_urls":{"full":["https:\/\/www.sv-boeblingen.de\/turnen\/wp-content\/uploads\/2019\/12\/2014040501.jpg",760,430,false],"thumbnail":["https:\/\/www.sv-boeblingen.de\/turnen\/wp-content\/uploads\/2019\/12\/2014040501-150x150.jpg",150,150,true],"medium":["https:\/\/www.sv-boeblingen.de\/turnen\/wp-content\/uploads\/2019\/12\/2014040501-300x170.jpg",300,170,true],"medium_large":["https:\/\/www.sv-boeblingen.de\/turnen\/wp-content\/uploads\/2019\/12\/2014040501.jpg",760,430,false],"large":["https:\/\/www.sv-boeblingen.de\/turnen\/wp-content\/uploads\/2019\/12\/2014040501.jpg",760,430,false],"ESO-555x450-Crop":["https:\/\/www.sv-boeblingen.de\/turnen\/wp-content\/uploads\/2019\/12\/2014040501.jpg",555,314,false],"ESO-1280x720-Crop":["https:\/\/www.sv-boeblingen.de\/turnen\/wp-content\/uploads\/2019\/12\/2014040501.jpg",760,430,false],"ESO-1920x1080-Crop":["https:\/\/www.sv-boeblingen.de\/turnen\/wp-content\/uploads\/2019\/12\/2014040501.jpg",760,430,false],"ESO-360x450-Crop":["https:\/\/www.sv-boeblingen.de\/turnen\/wp-content\/uploads\/2019\/12\/2014040501.jpg",360,204,false],"ESO-720x900-Crop":["https:\/\/www.sv-boeblingen.de\/turnen\/wp-content\/uploads\/2019\/12\/2014040501.jpg",720,407,false],"ESO-360x450-Top":["https:\/\/www.sv-boeblingen.de\/turnen\/wp-content\/uploads\/2019\/12\/2014040501.jpg",360,204,false],"ESO-720x900-Top":["https:\/\/www.sv-boeblingen.de\/turnen\/wp-content\/uploads\/2019\/12\/2014040501.jpg",720,407,false],"thumblist":["https:\/\/www.sv-boeblingen.de\/turnen\/wp-content\/uploads\/2019\/12\/2014040501.jpg",300,170,false],"meccarouselthumb":["https:\/\/www.sv-boeblingen.de\/turnen\/wp-content\/uploads\/2019\/12\/2014040501.jpg",474,268,false],"gridsquare":["https:\/\/www.sv-boeblingen.de\/turnen\/wp-content\/uploads\/2019\/12\/2014040501.jpg",391,221,false],"tileview":["https:\/\/www.sv-boeblingen.de\/turnen\/wp-content\/uploads\/2019\/12\/2014040501.jpg",300,170,false],"timeline-express":["https:\/\/www.sv-boeblingen.de\/turnen\/wp-content\/uploads\/2019\/12\/2014040501-350x120.jpg",350,120,true],"timeline-express-thumbnail":["https:\/\/www.sv-boeblingen.de\/turnen\/wp-content\/uploads\/2019\/12\/2014040501-200x120.jpg",200,120,true],"folio":["https:\/\/www.sv-boeblingen.de\/turnen\/wp-content\/uploads\/2019\/12\/2014040501-600x400.jpg",600,400,true],"1536x1536":["https:\/\/www.sv-boeblingen.de\/turnen\/wp-content\/uploads\/2019\/12\/2014040501.jpg",760,430,false],"2048x2048":["https:\/\/www.sv-boeblingen.de\/turnen\/wp-content\/uploads\/2019\/12\/2014040501.jpg",760,430,false],"ab-block-post-grid-landscape":["https:\/\/www.sv-boeblingen.de\/turnen\/wp-content\/uploads\/2019\/12\/2014040501-600x400.jpg",600,400,true],"ab-block-post-grid-square":["https:\/\/www.sv-boeblingen.de\/turnen\/wp-content\/uploads\/2019\/12\/2014040501-600x430.jpg",600,430,true],"vp_sm":["https:\/\/www.sv-boeblingen.de\/turnen\/wp-content\/uploads\/2019\/12\/2014040501-500x283.jpg",500,283,true],"vp_md":["https:\/\/www.sv-boeblingen.de\/turnen\/wp-content\/uploads\/2019\/12\/2014040501.jpg",760,430,false],"vp_lg":["https:\/\/www.sv-boeblingen.de\/turnen\/wp-content\/uploads\/2019\/12\/2014040501.jpg",760,430,false],"vp_xl":["https:\/\/www.sv-boeblingen.de\/turnen\/wp-content\/uploads\/2019\/12\/2014040501.jpg",760,430,false],"vp_sm_popup":["https:\/\/www.sv-boeblingen.de\/turnen\/wp-content\/uploads\/2019\/12\/2014040501-500x283.jpg",500,283,true],"vp_md_popup":["https:\/\/www.sv-boeblingen.de\/turnen\/wp-content\/uploads\/2019\/12\/2014040501.jpg",760,430,false],"vp_xl_popup":["https:\/\/www.sv-boeblingen.de\/turnen\/wp-content\/uploads\/2019\/12\/2014040501.jpg",760,430,false],"suffice-thumbnail-grid":["https:\/\/www.sv-boeblingen.de\/turnen\/wp-content\/uploads\/2019\/12\/2014040501-750x420.jpg",750,420,true],"suffice-thumbnail-featured-one":["https:\/\/www.sv-boeblingen.de\/turnen\/wp-content\/uploads\/2019\/12\/2014040501-295x430.jpg",295,430,true],"suffice-thumbnail-featured-two":["https:\/\/www.sv-boeblingen.de\/turnen\/wp-content\/uploads\/2019\/12\/2014040501.jpg",760,430,false],"suffice-thumbnail-portfolio":["https:\/\/www.sv-boeblingen.de\/turnen\/wp-content\/uploads\/2019\/12\/2014040501-572x430.jpg",572,430,true],"suffice-thumbnail-portfolio-masonry":["https:\/\/www.sv-boeblingen.de\/turnen\/wp-content\/uploads\/2019\/12\/2014040501-572x430.jpg",572,430,true],"400x250-crop":["https:\/\/www.sv-boeblingen.de\/turnen\/wp-content\/uploads\/2019\/12\/2014040501-400x250.jpg",400,250,true],"woocommerce_thumbnail":["https:\/\/www.sv-boeblingen.de\/turnen\/wp-content\/uploads\/2019\/12\/2014040501-300x430.jpg",300,430,true],"woocommerce_single":["https:\/\/www.sv-boeblingen.de\/turnen\/wp-content\/uploads\/2019\/12\/2014040501-600x339.jpg",600,339,true],"woocommerce_gallery_thumbnail":["https:\/\/www.sv-boeblingen.de\/turnen\/wp-content\/uploads\/2019\/12\/2014040501-100x100.jpg",100,100,true],"shop_catalog":["https:\/\/www.sv-boeblingen.de\/turnen\/wp-content\/uploads\/2019\/12\/2014040501-300x430.jpg",300,430,true],"shop_single":["https:\/\/www.sv-boeblingen.de\/turnen\/wp-content\/uploads\/2019\/12\/2014040501-600x339.jpg",600,339,true],"shop_thumbnail":["https:\/\/www.sv-boeblingen.de\/turnen\/wp-content\/uploads\/2019\/12\/2014040501-100x100.jpg",100,100,true],"sow-carousel-default":["https:\/\/www.sv-boeblingen.de\/turnen\/wp-content\/uploads\/2019\/12\/2014040501-272x182.jpg",272,182,true]},"post_excerpt_stackable":"<p>Bereits am 22.02.2014 fanden die Bezirksmeisterschaften statt. 21 M\u00e4dels und 5 Jungs fuhren zusammen mit Trainern, Eltern und Kampfrichtern nach Rutesheim und waren bei den 3- bis 6-K\u00e4mpfen ganz vorne mit dabei. Und so qualifizierten sich 18 Turnerinnen und Turner sehr souver\u00e4n f\u00fcr das Gaufinale am 05.04.2014 in Weissach.<\/p>\n","category_list":"<a href=\"https:\/\/www.sv-boeblingen.de\/turnen\/category\/wettkampf\/\" rel=\"category tag\">Wettkampf<\/a>","author_info":{"display_name":"Anna","author_link":"https:\/\/www.sv-boeblingen.de\/turnen\/author\/anna\/"},"comments_num":"0 comments","featured_image_urls_v2":{"full":["https:\/\/www.sv-boeblingen.de\/turnen\/wp-content\/uploads\/2019\/12\/2014040501.jpg",760,430,false],"thumbnail":["https:\/\/www.sv-boeblingen.de\/turnen\/wp-content\/uploads\/2019\/12\/2014040501-150x150.jpg",150,150,true],"medium":["https:\/\/www.sv-boeblingen.de\/turnen\/wp-content\/uploads\/2019\/12\/2014040501-300x170.jpg",300,170,true],"medium_large":["https:\/\/www.sv-boeblingen.de\/turnen\/wp-content\/uploads\/2019\/12\/2014040501.jpg",760,430,false],"large":["https:\/\/www.sv-boeblingen.de\/turnen\/wp-content\/uploads\/2019\/12\/2014040501.jpg",760,430,false],"ESO-555x450-Crop":["https:\/\/www.sv-boeblingen.de\/turnen\/wp-content\/uploads\/2019\/12\/2014040501.jpg",555,314,false],"ESO-1280x720-Crop":["https:\/\/www.sv-boeblingen.de\/turnen\/wp-content\/uploads\/2019\/12\/2014040501.jpg",760,430,false],"ESO-1920x1080-Crop":["https:\/\/www.sv-boeblingen.de\/turnen\/wp-content\/uploads\/2019\/12\/2014040501.jpg",760,430,false],"ESO-360x450-Crop":["https:\/\/www.sv-boeblingen.de\/turnen\/wp-content\/uploads\/2019\/12\/2014040501.jpg",360,204,false],"ESO-720x900-Crop":["https:\/\/www.sv-boeblingen.de\/turnen\/wp-content\/uploads\/2019\/12\/2014040501.jpg",720,407,false],"ESO-360x450-Top":["https:\/\/www.sv-boeblingen.de\/turnen\/wp-content\/uploads\/2019\/12\/2014040501.jpg",360,204,false],"ESO-720x900-Top":["https:\/\/www.sv-boeblingen.de\/turnen\/wp-content\/uploads\/2019\/12\/2014040501.jpg",720,407,false],"thumblist":["https:\/\/www.sv-boeblingen.de\/turnen\/wp-content\/uploads\/2019\/12\/2014040501.jpg",300,170,false],"meccarouselthumb":["https:\/\/www.sv-boeblingen.de\/turnen\/wp-content\/uploads\/2019\/12\/2014040501.jpg",474,268,false],"gridsquare":["https:\/\/www.sv-boeblingen.de\/turnen\/wp-content\/uploads\/2019\/12\/2014040501.jpg",391,221,false],"tileview":["https:\/\/www.sv-boeblingen.de\/turnen\/wp-content\/uploads\/2019\/12\/2014040501.jpg",300,170,false],"timeline-express":["https:\/\/www.sv-boeblingen.de\/turnen\/wp-content\/uploads\/2019\/12\/2014040501-350x120.jpg",350,120,true],"timeline-express-thumbnail":["https:\/\/www.sv-boeblingen.de\/turnen\/wp-content\/uploads\/2019\/12\/2014040501-200x120.jpg",200,120,true],"folio":["https:\/\/www.sv-boeblingen.de\/turnen\/wp-content\/uploads\/2019\/12\/2014040501-600x400.jpg",600,400,true],"1536x1536":["https:\/\/www.sv-boeblingen.de\/turnen\/wp-content\/uploads\/2019\/12\/2014040501.jpg",760,430,false],"2048x2048":["https:\/\/www.sv-boeblingen.de\/turnen\/wp-content\/uploads\/2019\/12\/2014040501.jpg",760,430,false],"ab-block-post-grid-landscape":["https:\/\/www.sv-boeblingen.de\/turnen\/wp-content\/uploads\/2019\/12\/2014040501-600x400.jpg",600,400,true],"ab-block-post-grid-square":["https:\/\/www.sv-boeblingen.de\/turnen\/wp-content\/uploads\/2019\/12\/2014040501-600x430.jpg",600,430,true],"vp_sm":["https:\/\/www.sv-boeblingen.de\/turnen\/wp-content\/uploads\/2019\/12\/2014040501-500x283.jpg",500,283,true],"vp_md":["https:\/\/www.sv-boeblingen.de\/turnen\/wp-content\/uploads\/2019\/12\/2014040501.jpg",760,430,false],"vp_lg":["https:\/\/www.sv-boeblingen.de\/turnen\/wp-content\/uploads\/2019\/12\/2014040501.jpg",760,430,false],"vp_xl":["https:\/\/www.sv-boeblingen.de\/turnen\/wp-content\/uploads\/2019\/12\/2014040501.jpg",760,430,false],"vp_sm_popup":["https:\/\/www.sv-boeblingen.de\/turnen\/wp-content\/uploads\/2019\/12\/2014040501-500x283.jpg",500,283,true],"vp_md_popup":["https:\/\/www.sv-boeblingen.de\/turnen\/wp-content\/uploads\/2019\/12\/2014040501.jpg",760,430,false],"vp_xl_popup":["https:\/\/www.sv-boeblingen.de\/turnen\/wp-content\/uploads\/2019\/12\/2014040501.jpg",760,430,false],"suffice-thumbnail-grid":["https:\/\/www.sv-boeblingen.de\/turnen\/wp-content\/uploads\/2019\/12\/2014040501-750x420.jpg",750,420,true],"suffice-thumbnail-featured-one":["https:\/\/www.sv-boeblingen.de\/turnen\/wp-content\/uploads\/2019\/12\/2014040501-295x430.jpg",295,430,true],"suffice-thumbnail-featured-two":["https:\/\/www.sv-boeblingen.de\/turnen\/wp-content\/uploads\/2019\/12\/2014040501.jpg",760,430,false],"suffice-thumbnail-portfolio":["https:\/\/www.sv-boeblingen.de\/turnen\/wp-content\/uploads\/2019\/12\/2014040501-572x430.jpg",572,430,true],"suffice-thumbnail-portfolio-masonry":["https:\/\/www.sv-boeblingen.de\/turnen\/wp-content\/uploads\/2019\/12\/2014040501-572x430.jpg",572,430,true],"400x250-crop":["https:\/\/www.sv-boeblingen.de\/turnen\/wp-content\/uploads\/2019\/12\/2014040501-400x250.jpg",400,250,true],"woocommerce_thumbnail":["https:\/\/www.sv-boeblingen.de\/turnen\/wp-content\/uploads\/2019\/12\/2014040501-300x430.jpg",300,430,true],"woocommerce_single":["https:\/\/www.sv-boeblingen.de\/turnen\/wp-content\/uploads\/2019\/12\/2014040501-600x339.jpg",600,339,true],"woocommerce_gallery_thumbnail":["https:\/\/www.sv-boeblingen.de\/turnen\/wp-content\/uploads\/2019\/12\/2014040501-100x100.jpg",100,100,true],"shop_catalog":["https:\/\/www.sv-boeblingen.de\/turnen\/wp-content\/uploads\/2019\/12\/2014040501-300x430.jpg",300,430,true],"shop_single":["https:\/\/www.sv-boeblingen.de\/turnen\/wp-content\/uploads\/2019\/12\/2014040501-600x339.jpg",600,339,true],"shop_thumbnail":["https:\/\/www.sv-boeblingen.de\/turnen\/wp-content\/uploads\/2019\/12\/2014040501-100x100.jpg",100,100,true],"sow-carousel-default":["https:\/\/www.sv-boeblingen.de\/turnen\/wp-content\/uploads\/2019\/12\/2014040501-272x182.jpg",272,182,true]},"post_excerpt_stackable_v2":"<p>Bereits am 22.02.2014 fanden die Bezirksmeisterschaften statt. 21 M\u00e4dels und 5 Jungs fuhren zusammen mit Trainern, Eltern und Kampfrichtern nach Rutesheim und waren bei den 3- bis 6-K\u00e4mpfen ganz vorne mit dabei. Und so qualifizierten sich 18 Turnerinnen und Turner sehr souver\u00e4n f\u00fcr das Gaufinale am 05.04.2014 in Weissach.<\/p>\n","category_list_v2":"<a href=\"https:\/\/www.sv-boeblingen.de\/turnen\/category\/wettkampf\/\" rel=\"category tag\">Wettkampf<\/a>","author_info_v2":{"name":"Anna","url":"https:\/\/www.sv-boeblingen.de\/turnen\/author\/anna\/"},"comments_num_v2":"0 comments","featured_image_src":"https:\/\/www.sv-boeblingen.de\/turnen\/wp-content\/uploads\/2019\/12\/2014040501-600x400.jpg","featured_image_src_square":"https:\/\/www.sv-boeblingen.de\/turnen\/wp-content\/uploads\/2019\/12\/2014040501-600x430.jpg","_links":{"self":[{"href":"https:\/\/www.sv-boeblingen.de\/turnen\/wp-json\/wp\/v2\/posts\/2547"}],"collection":[{"href":"https:\/\/www.sv-boeblingen.de\/turnen\/wp-json\/wp\/v2\/posts"}],"about":[{"href":"https:\/\/www.sv-boeblingen.de\/turnen\/wp-json\/wp\/v2\/types\/post"}],"author":[{"embeddable":true,"href":"https:\/\/www.sv-boeblingen.de\/turnen\/wp-json\/wp\/v2\/users\/1"}],"replies":[{"embeddable":true,"href":"https:\/\/www.sv-boeblingen.de\/turnen\/wp-json\/wp\/v2\/comments?post=2547"}],"version-history":[{"count":0,"href":"https:\/\/www.sv-boeblingen.de\/turnen\/wp-json\/wp\/v2\/posts\/2547\/revisions"}],"wp:featuredmedia":[{"embeddable":true,"href":"https:\/\/www.sv-boeblingen.de\/turnen\/wp-json\/wp\/v2\/media\/2548"}],"wp:attachment":[{"href":"https:\/\/www.sv-boeblingen.de\/turnen\/wp-json\/wp\/v2\/media?parent=2547"}],"wp:term":[{"taxonomy":"category","embeddable":true,"href":"https:\/\/www.sv-boeblingen.de\/turnen\/wp-json\/wp\/v2\/categories?post=2547"},{"taxonomy":"post_tag","embeddable":true,"href":"https:\/\/www.sv-boeblingen.de\/turnen\/wp-json\/wp\/v2\/tags?post=2547"}],"curies":[{"name":"wp","href":"https:\/\/api.w.org\/{rel}","templated":true}]}}