{"id":2299,"date":"2017-11-12T11:41:03","date_gmt":"2017-11-12T11:41:03","guid":{"rendered":"https:\/\/www.sv-boeblingen.de\/turnen\/?p=2299"},"modified":"2019-12-16T18:57:03","modified_gmt":"2019-12-16T18:57:03","slug":"erfolgreicher-wechsel-in-die-zweite-bundesliga","status":"publish","type":"post","link":"https:\/\/www.sv-boeblingen.de\/turnen\/2017\/11\/12\/erfolgreicher-wechsel-in-die-zweite-bundesliga\/","title":{"rendered":"Erfolgreicher Wechsel in die zweite Bundesliga"},"content":{"rendered":"<p><strong>12. November 2017 in Dresden<\/strong><\/p>\n<dl class=\"float-right\">\n<dt><img loading=\"lazy\" class=\"alignright\" src=\"https:\/\/www.sv-boeblingen.de\/turnen\/images\/ArticlePics\/2017111101.jpg\" width=\"168\" height=\"251\" \/><\/dt>\n<\/dl>\n<p>In Dresden fand am Wochenende des 11.\/12. November das dritte und letzte Wettkampfwochenende der Deutschen Turnliga statt. Seit diesem Jahr startet die B\u00f6blingerin Sarah Nolle f\u00fcr den Heidenheimer Sportbund in der zweiten Bundesliga, nachdem sie jahrelang Stammturnerin f\u00fcr die Wettkampfgemeinschaft G\u00e4u Sch\u00f6nbuch, zuletzt in der Regionalliga S\u00fcd, war.<\/p>\n<dl class=\"float-left\">\n<dt><\/dt>\n<dd><\/dd>\n<\/dl>\n<dl class=\"float-right\">\n<dt><img loading=\"lazy\" class=\"alignleft\" src=\"https:\/\/www.sv-boeblingen.de\/turnen\/images\/ArticlePics\/2017111103.jpg\" width=\"157\" height=\"236\" \/><\/dt>\n<\/dl>\n<p>Mit dem Wechsel nahm sie die Chance wahr, in der zweith\u00f6chsten deutschen Liga zu starten. Der HSB fuhr an diesem Wochenende mit dem siebten Platz zwar das schlechteste Ergebnis der Saison ein, kann aber insgesamt mit dem 4.Tabellenplatz sehr zufrieden sein und hat das Ziel des Klassenerhalts in der Tabellenmitte gut gemeistert. Die Mannschaft lie\u00df wertvolle Punkte am Schwebebalken, an dem das Team des HSB sonst so stabile \u00dcbungen zeigen konnte.<\/p>\n<dl class=\"float-right\">\n<dt><\/dt>\n<\/dl>\n<dl class=\"float-left\">\n<dt><img loading=\"lazy\" class=\"alignright\" src=\"https:\/\/www.sv-boeblingen.de\/turnen\/images\/ArticlePics\/2017111102.jpg\" width=\"180\" height=\"239\" \/><\/dt>\n<\/dl>\n<p>Sarah steuerte in Dresden mit ihrer Boden\u00fcbung sogar die h\u00f6chste Wertung f\u00fcr die Mannschaft bei. Nachdem sie beim Heimwettkampf noch wegen einer Sprunggelenksverletzung auf den Doppelsalto verzichteten musste, konnte sie diesmal diese H\u00f6chstschwierigkeit, die auch Anforderung ist, wieder zeigen. Einen guten Start in die Saison erwischte sie schon in Waging am See im Mai, bei dem sie an drei von vier Ger\u00e4ten an den Start ging. Zudem war sie bei allen Wettk\u00e4mpfen mit ihrem geb\u00fcckten Tsukahara am Sprung eine wichtige Unterst\u00fctzung f\u00fcr ihr neues Team.<\/p>\n<dl class=\"float-right\">\n<dt><\/dt>\n<\/dl>\n","protected":false},"excerpt":{"rendered":"<p>In Dresden fand am Wochenende des 11.\/12. November das dritte und letzte Wettkampfwochenende der Deutschen Turnliga statt. Seit diesem Jahr startet die B\u00f6blingerin Sarah Nolle f\u00fcr den Heidenheimer Sportbund in der zweiten Bundesliga, nachdem sie jahrelang Stammturnerin f\u00fcr die Wettkampfgemeinschaft G\u00e4u Sch\u00f6nbuch, zuletzt in der Regionalliga S\u00fcd, war.<\/p>\n","protected":false},"author":1,"featured_media":2292,"comment_status":"open","ping_status":"open","sticky":false,"template":"","format":"standard","meta":{"_vp_format_video_url":"","_vp_image_focal_point":[]},"categories":[41],"tags":[48],"featured_image_urls":{"full":["https:\/\/www.sv-boeblingen.de\/turnen\/wp-content\/uploads\/2013\/10\/LogoBackground.png",1520,860,false],"thumbnail":["https:\/\/www.sv-boeblingen.de\/turnen\/wp-content\/uploads\/2013\/10\/LogoBackground-150x150.png",150,150,true],"medium":["https:\/\/www.sv-boeblingen.de\/turnen\/wp-content\/uploads\/2013\/10\/LogoBackground-300x170.png",300,170,true],"medium_large":["https:\/\/www.sv-boeblingen.de\/turnen\/wp-content\/uploads\/2013\/10\/LogoBackground-768x435.png",768,435,true],"large":["https:\/\/www.sv-boeblingen.de\/turnen\/wp-content\/uploads\/2013\/10\/LogoBackground-1024x579.png",1024,579,true],"ESO-555x450-Crop":["https:\/\/www.sv-boeblingen.de\/turnen\/wp-content\/uploads\/2013\/10\/LogoBackground.png",555,314,false],"ESO-1280x720-Crop":["https:\/\/www.sv-boeblingen.de\/turnen\/wp-content\/uploads\/2013\/10\/LogoBackground.png",1273,720,false],"ESO-1920x1080-Crop":["https:\/\/www.sv-boeblingen.de\/turnen\/wp-content\/uploads\/2013\/10\/LogoBackground.png",1520,860,false],"ESO-360x450-Crop":["https:\/\/www.sv-boeblingen.de\/turnen\/wp-content\/uploads\/2013\/10\/LogoBackground.png",360,204,false],"ESO-720x900-Crop":["https:\/\/www.sv-boeblingen.de\/turnen\/wp-content\/uploads\/2013\/10\/LogoBackground.png",720,407,false],"ESO-360x450-Top":["https:\/\/www.sv-boeblingen.de\/turnen\/wp-content\/uploads\/2013\/10\/LogoBackground.png",360,204,false],"ESO-720x900-Top":["https:\/\/www.sv-boeblingen.de\/turnen\/wp-content\/uploads\/2013\/10\/LogoBackground.png",720,407,false],"thumblist":["https:\/\/www.sv-boeblingen.de\/turnen\/wp-content\/uploads\/2013\/10\/LogoBackground.png",300,170,false],"meccarouselthumb":["https:\/\/www.sv-boeblingen.de\/turnen\/wp-content\/uploads\/2013\/10\/LogoBackground.png",474,268,false],"gridsquare":["https:\/\/www.sv-boeblingen.de\/turnen\/wp-content\/uploads\/2013\/10\/LogoBackground.png",391,221,false],"tileview":["https:\/\/www.sv-boeblingen.de\/turnen\/wp-content\/uploads\/2013\/10\/LogoBackground.png",300,170,false],"timeline-express":["https:\/\/www.sv-boeblingen.de\/turnen\/wp-content\/uploads\/2013\/10\/LogoBackground-350x120.png",350,120,true],"timeline-express-thumbnail":["https:\/\/www.sv-boeblingen.de\/turnen\/wp-content\/uploads\/2013\/10\/LogoBackground-200x120.png",200,120,true],"folio":["https:\/\/www.sv-boeblingen.de\/turnen\/wp-content\/uploads\/2013\/10\/LogoBackground-600x400.png",600,400,true],"1536x1536":["https:\/\/www.sv-boeblingen.de\/turnen\/wp-content\/uploads\/2013\/10\/LogoBackground.png",1520,860,false],"2048x2048":["https:\/\/www.sv-boeblingen.de\/turnen\/wp-content\/uploads\/2013\/10\/LogoBackground.png",1520,860,false],"ab-block-post-grid-landscape":["https:\/\/www.sv-boeblingen.de\/turnen\/wp-content\/uploads\/2013\/10\/LogoBackground-600x400.png",600,400,true],"ab-block-post-grid-square":["https:\/\/www.sv-boeblingen.de\/turnen\/wp-content\/uploads\/2013\/10\/LogoBackground-600x600.png",600,600,true],"vp_sm":["https:\/\/www.sv-boeblingen.de\/turnen\/wp-content\/uploads\/2013\/10\/LogoBackground-500x283.png",500,283,true],"vp_md":["https:\/\/www.sv-boeblingen.de\/turnen\/wp-content\/uploads\/2013\/10\/LogoBackground-800x453.png",800,453,true],"vp_lg":["https:\/\/www.sv-boeblingen.de\/turnen\/wp-content\/uploads\/2013\/10\/LogoBackground-1280x724.png",1280,724,true],"vp_xl":["https:\/\/www.sv-boeblingen.de\/turnen\/wp-content\/uploads\/2013\/10\/LogoBackground.png",1520,860,false],"vp_sm_popup":["https:\/\/www.sv-boeblingen.de\/turnen\/wp-content\/uploads\/2013\/10\/LogoBackground-500x283.png",500,283,true],"vp_md_popup":["https:\/\/www.sv-boeblingen.de\/turnen\/wp-content\/uploads\/2013\/10\/LogoBackground-800x453.png",800,453,true],"vp_xl_popup":["https:\/\/www.sv-boeblingen.de\/turnen\/wp-content\/uploads\/2013\/10\/LogoBackground.png",1520,860,false],"suffice-thumbnail-grid":["https:\/\/www.sv-boeblingen.de\/turnen\/wp-content\/uploads\/2013\/10\/LogoBackground-750x420.png",750,420,true],"suffice-thumbnail-featured-one":["https:\/\/www.sv-boeblingen.de\/turnen\/wp-content\/uploads\/2013\/10\/LogoBackground-295x525.png",295,525,true],"suffice-thumbnail-featured-two":["https:\/\/www.sv-boeblingen.de\/turnen\/wp-content\/uploads\/2013\/10\/LogoBackground-1140x504.png",1140,504,true],"suffice-thumbnail-portfolio":["https:\/\/www.sv-boeblingen.de\/turnen\/wp-content\/uploads\/2013\/10\/LogoBackground-572x552.png",572,552,true],"suffice-thumbnail-portfolio-masonry":["https:\/\/www.sv-boeblingen.de\/turnen\/wp-content\/uploads\/2013\/10\/LogoBackground-572x652.png",572,652,true],"400x250-crop":["https:\/\/www.sv-boeblingen.de\/turnen\/wp-content\/uploads\/2013\/10\/LogoBackground-400x250.png",400,250,true],"woocommerce_thumbnail":["https:\/\/www.sv-boeblingen.de\/turnen\/wp-content\/uploads\/2013\/10\/LogoBackground-300x457.png",300,457,true],"woocommerce_single":["https:\/\/www.sv-boeblingen.de\/turnen\/wp-content\/uploads\/2013\/10\/LogoBackground-600x339.png",600,339,true],"woocommerce_gallery_thumbnail":["https:\/\/www.sv-boeblingen.de\/turnen\/wp-content\/uploads\/2013\/10\/LogoBackground-100x100.png",100,100,true],"shop_catalog":["https:\/\/www.sv-boeblingen.de\/turnen\/wp-content\/uploads\/2013\/10\/LogoBackground-300x457.png",300,457,true],"shop_single":["https:\/\/www.sv-boeblingen.de\/turnen\/wp-content\/uploads\/2013\/10\/LogoBackground-600x339.png",600,339,true],"shop_thumbnail":["https:\/\/www.sv-boeblingen.de\/turnen\/wp-content\/uploads\/2013\/10\/LogoBackground-100x100.png",100,100,true],"sow-carousel-default":["https:\/\/www.sv-boeblingen.de\/turnen\/wp-content\/uploads\/2013\/10\/LogoBackground-272x182.png",272,182,true]},"post_excerpt_stackable":"<p>In Dresden fand am Wochenende des 11.\/12. November das dritte und letzte Wettkampfwochenende der Deutschen Turnliga statt. Seit diesem Jahr startet die B\u00f6blingerin Sarah Nolle f\u00fcr den Heidenheimer Sportbund in der zweiten Bundesliga, nachdem sie jahrelang Stammturnerin f\u00fcr die Wettkampfgemeinschaft G\u00e4u Sch\u00f6nbuch, zuletzt in der Regionalliga S\u00fcd, war.<\/p>\n","category_list":"<a href=\"https:\/\/www.sv-boeblingen.de\/turnen\/category\/wettkampf\/\" rel=\"category tag\">Wettkampf<\/a>","author_info":{"display_name":"Anna","author_link":"https:\/\/www.sv-boeblingen.de\/turnen\/author\/anna\/"},"comments_num":"0 comments","featured_image_urls_v2":{"full":["https:\/\/www.sv-boeblingen.de\/turnen\/wp-content\/uploads\/2013\/10\/LogoBackground.png",1520,860,false],"thumbnail":["https:\/\/www.sv-boeblingen.de\/turnen\/wp-content\/uploads\/2013\/10\/LogoBackground-150x150.png",150,150,true],"medium":["https:\/\/www.sv-boeblingen.de\/turnen\/wp-content\/uploads\/2013\/10\/LogoBackground-300x170.png",300,170,true],"medium_large":["https:\/\/www.sv-boeblingen.de\/turnen\/wp-content\/uploads\/2013\/10\/LogoBackground-768x435.png",768,435,true],"large":["https:\/\/www.sv-boeblingen.de\/turnen\/wp-content\/uploads\/2013\/10\/LogoBackground-1024x579.png",1024,579,true],"ESO-555x450-Crop":["https:\/\/www.sv-boeblingen.de\/turnen\/wp-content\/uploads\/2013\/10\/LogoBackground.png",555,314,false],"ESO-1280x720-Crop":["https:\/\/www.sv-boeblingen.de\/turnen\/wp-content\/uploads\/2013\/10\/LogoBackground.png",1273,720,false],"ESO-1920x1080-Crop":["https:\/\/www.sv-boeblingen.de\/turnen\/wp-content\/uploads\/2013\/10\/LogoBackground.png",1520,860,false],"ESO-360x450-Crop":["https:\/\/www.sv-boeblingen.de\/turnen\/wp-content\/uploads\/2013\/10\/LogoBackground.png",360,204,false],"ESO-720x900-Crop":["https:\/\/www.sv-boeblingen.de\/turnen\/wp-content\/uploads\/2013\/10\/LogoBackground.png",720,407,false],"ESO-360x450-Top":["https:\/\/www.sv-boeblingen.de\/turnen\/wp-content\/uploads\/2013\/10\/LogoBackground.png",360,204,false],"ESO-720x900-Top":["https:\/\/www.sv-boeblingen.de\/turnen\/wp-content\/uploads\/2013\/10\/LogoBackground.png",720,407,false],"thumblist":["https:\/\/www.sv-boeblingen.de\/turnen\/wp-content\/uploads\/2013\/10\/LogoBackground.png",300,170,false],"meccarouselthumb":["https:\/\/www.sv-boeblingen.de\/turnen\/wp-content\/uploads\/2013\/10\/LogoBackground.png",474,268,false],"gridsquare":["https:\/\/www.sv-boeblingen.de\/turnen\/wp-content\/uploads\/2013\/10\/LogoBackground.png",391,221,false],"tileview":["https:\/\/www.sv-boeblingen.de\/turnen\/wp-content\/uploads\/2013\/10\/LogoBackground.png",300,170,false],"timeline-express":["https:\/\/www.sv-boeblingen.de\/turnen\/wp-content\/uploads\/2013\/10\/LogoBackground-350x120.png",350,120,true],"timeline-express-thumbnail":["https:\/\/www.sv-boeblingen.de\/turnen\/wp-content\/uploads\/2013\/10\/LogoBackground-200x120.png",200,120,true],"folio":["https:\/\/www.sv-boeblingen.de\/turnen\/wp-content\/uploads\/2013\/10\/LogoBackground-600x400.png",600,400,true],"1536x1536":["https:\/\/www.sv-boeblingen.de\/turnen\/wp-content\/uploads\/2013\/10\/LogoBackground.png",1520,860,false],"2048x2048":["https:\/\/www.sv-boeblingen.de\/turnen\/wp-content\/uploads\/2013\/10\/LogoBackground.png",1520,860,false],"ab-block-post-grid-landscape":["https:\/\/www.sv-boeblingen.de\/turnen\/wp-content\/uploads\/2013\/10\/LogoBackground-600x400.png",600,400,true],"ab-block-post-grid-square":["https:\/\/www.sv-boeblingen.de\/turnen\/wp-content\/uploads\/2013\/10\/LogoBackground-600x600.png",600,600,true],"vp_sm":["https:\/\/www.sv-boeblingen.de\/turnen\/wp-content\/uploads\/2013\/10\/LogoBackground-500x283.png",500,283,true],"vp_md":["https:\/\/www.sv-boeblingen.de\/turnen\/wp-content\/uploads\/2013\/10\/LogoBackground-800x453.png",800,453,true],"vp_lg":["https:\/\/www.sv-boeblingen.de\/turnen\/wp-content\/uploads\/2013\/10\/LogoBackground-1280x724.png",1280,724,true],"vp_xl":["https:\/\/www.sv-boeblingen.de\/turnen\/wp-content\/uploads\/2013\/10\/LogoBackground.png",1520,860,false],"vp_sm_popup":["https:\/\/www.sv-boeblingen.de\/turnen\/wp-content\/uploads\/2013\/10\/LogoBackground-500x283.png",500,283,true],"vp_md_popup":["https:\/\/www.sv-boeblingen.de\/turnen\/wp-content\/uploads\/2013\/10\/LogoBackground-800x453.png",800,453,true],"vp_xl_popup":["https:\/\/www.sv-boeblingen.de\/turnen\/wp-content\/uploads\/2013\/10\/LogoBackground.png",1520,860,false],"suffice-thumbnail-grid":["https:\/\/www.sv-boeblingen.de\/turnen\/wp-content\/uploads\/2013\/10\/LogoBackground-750x420.png",750,420,true],"suffice-thumbnail-featured-one":["https:\/\/www.sv-boeblingen.de\/turnen\/wp-content\/uploads\/2013\/10\/LogoBackground-295x525.png",295,525,true],"suffice-thumbnail-featured-two":["https:\/\/www.sv-boeblingen.de\/turnen\/wp-content\/uploads\/2013\/10\/LogoBackground-1140x504.png",1140,504,true],"suffice-thumbnail-portfolio":["https:\/\/www.sv-boeblingen.de\/turnen\/wp-content\/uploads\/2013\/10\/LogoBackground-572x552.png",572,552,true],"suffice-thumbnail-portfolio-masonry":["https:\/\/www.sv-boeblingen.de\/turnen\/wp-content\/uploads\/2013\/10\/LogoBackground-572x652.png",572,652,true],"400x250-crop":["https:\/\/www.sv-boeblingen.de\/turnen\/wp-content\/uploads\/2013\/10\/LogoBackground-400x250.png",400,250,true],"woocommerce_thumbnail":["https:\/\/www.sv-boeblingen.de\/turnen\/wp-content\/uploads\/2013\/10\/LogoBackground-300x457.png",300,457,true],"woocommerce_single":["https:\/\/www.sv-boeblingen.de\/turnen\/wp-content\/uploads\/2013\/10\/LogoBackground-600x339.png",600,339,true],"woocommerce_gallery_thumbnail":["https:\/\/www.sv-boeblingen.de\/turnen\/wp-content\/uploads\/2013\/10\/LogoBackground-100x100.png",100,100,true],"shop_catalog":["https:\/\/www.sv-boeblingen.de\/turnen\/wp-content\/uploads\/2013\/10\/LogoBackground-300x457.png",300,457,true],"shop_single":["https:\/\/www.sv-boeblingen.de\/turnen\/wp-content\/uploads\/2013\/10\/LogoBackground-600x339.png",600,339,true],"shop_thumbnail":["https:\/\/www.sv-boeblingen.de\/turnen\/wp-content\/uploads\/2013\/10\/LogoBackground-100x100.png",100,100,true],"sow-carousel-default":["https:\/\/www.sv-boeblingen.de\/turnen\/wp-content\/uploads\/2013\/10\/LogoBackground-272x182.png",272,182,true]},"post_excerpt_stackable_v2":"<p>In Dresden fand am Wochenende des 11.\/12. November das dritte und letzte Wettkampfwochenende der Deutschen Turnliga statt. Seit diesem Jahr startet die B\u00f6blingerin Sarah Nolle f\u00fcr den Heidenheimer Sportbund in der zweiten Bundesliga, nachdem sie jahrelang Stammturnerin f\u00fcr die Wettkampfgemeinschaft G\u00e4u Sch\u00f6nbuch, zuletzt in der Regionalliga S\u00fcd, war.<\/p>\n","category_list_v2":"<a href=\"https:\/\/www.sv-boeblingen.de\/turnen\/category\/wettkampf\/\" rel=\"category tag\">Wettkampf<\/a>","author_info_v2":{"name":"Anna","url":"https:\/\/www.sv-boeblingen.de\/turnen\/author\/anna\/"},"comments_num_v2":"0 comments","featured_image_src":"https:\/\/www.sv-boeblingen.de\/turnen\/wp-content\/uploads\/2013\/10\/LogoBackground-600x400.png","featured_image_src_square":"https:\/\/www.sv-boeblingen.de\/turnen\/wp-content\/uploads\/2013\/10\/LogoBackground-600x600.png","_links":{"self":[{"href":"https:\/\/www.sv-boeblingen.de\/turnen\/wp-json\/wp\/v2\/posts\/2299"}],"collection":[{"href":"https:\/\/www.sv-boeblingen.de\/turnen\/wp-json\/wp\/v2\/posts"}],"about":[{"href":"https:\/\/www.sv-boeblingen.de\/turnen\/wp-json\/wp\/v2\/types\/post"}],"author":[{"embeddable":true,"href":"https:\/\/www.sv-boeblingen.de\/turnen\/wp-json\/wp\/v2\/users\/1"}],"replies":[{"embeddable":true,"href":"https:\/\/www.sv-boeblingen.de\/turnen\/wp-json\/wp\/v2\/comments?post=2299"}],"version-history":[{"count":0,"href":"https:\/\/www.sv-boeblingen.de\/turnen\/wp-json\/wp\/v2\/posts\/2299\/revisions"}],"wp:featuredmedia":[{"embeddable":true,"href":"https:\/\/www.sv-boeblingen.de\/turnen\/wp-json\/wp\/v2\/media\/2292"}],"wp:attachment":[{"href":"https:\/\/www.sv-boeblingen.de\/turnen\/wp-json\/wp\/v2\/media?parent=2299"}],"wp:term":[{"taxonomy":"category","embeddable":true,"href":"https:\/\/www.sv-boeblingen.de\/turnen\/wp-json\/wp\/v2\/categories?post=2299"},{"taxonomy":"post_tag","embeddable":true,"href":"https:\/\/www.sv-boeblingen.de\/turnen\/wp-json\/wp\/v2\/tags?post=2299"}],"curies":[{"name":"wp","href":"https:\/\/api.w.org\/{rel}","templated":true}]}}