{"id":2298,"date":"2016-11-15T11:50:00","date_gmt":"2016-11-15T11:50:00","guid":{"rendered":"https:\/\/www.sv-boeblingen.de\/turnen\/?p=2298"},"modified":"2019-12-16T18:57:52","modified_gmt":"2019-12-16T18:57:52","slug":"zweiter-wettkampftag-bringt-erleichterung","status":"publish","type":"post","link":"https:\/\/www.sv-boeblingen.de\/turnen\/2016\/11\/15\/zweiter-wettkampftag-bringt-erleichterung\/","title":{"rendered":"Zweiter Wettkampftag bringt Erleichterung"},"content":{"rendered":"<p><strong>Regionalliga S\u00fcd, 2016<br \/>\n<\/strong><\/p>\n<p>Das Team der WKG G\u00e4u Sch\u00f6nbuch freut sich \u00fcber einen starken zweiten Platz am zweiten Wettkampftag der Regionalliga S\u00fcd. Nur der TSV Tittmoning blieb an diesem Tag ungeschlagen, die Mannschaft vom TG Hegau Bodensee landete auf Platz 3.<\/p>\n<p><img loading=\"lazy\" class=\"aligncenter\" src=\"https:\/\/www.sv-boeblingen.de\/turnen\/images\/ArticlePics\/2016101501.jpg\" width=\"564\" height=\"270\" \/><\/p>\n<p>Die Mannschaft der WKG (Auf dem Bild von hinten links: Annika Baur, Sarah Nolle, Johanna Gelo, Tina Reichardt, Anabel Fegert, Kim Rinderknecht, Chiara Vees, Michelle Tyburzy, Annik Rein) pr\u00e4sentierte sich von Beginn an nervenstark und holte sich schon am ersten Ger\u00e4t, dem Boden, den Ger\u00e4tesieg. Nachdem sich die WKG nach dem ersten Wettkampftag durch eine etwas schw\u00e4chere Personalaufstellung mit dem letzten Tabellenplatz zufrieden geben musste, war dieser gute Start in den zweiten Wettkampftag von hoher Bedeutung. Einen starken Auftritt am ersten Ger\u00e4t zeigte vor allem die B\u00f6blingerin Sarah Nolle, die sich mit 12,05 Punkten die zweith\u00f6chste Wertung des Tages sicherte. Auch am Sprung, dem Paradeger\u00e4t der WKG, ging es gut weiter. Mit vier sicheren geb\u00fcckten Tsukahara holte sich die Mannschaft 48,90 Ger\u00e4tepunkte und damit die zweith\u00f6chste Mannschaftswertung. Hier gl\u00e4nzte vor allem Chiara Vees mit 12,50 Punkten, dicht gefolgt von Sarah Nolle (12,40), Annika Baur (12,05) und Michelle Tyburzy (11,95). Am Barren zeigten sich die WKG-Turnerinnen trotz kleinerer Unsicherheiten nervenstark und sicherten sich 34,05 Punkte. Am letzten Ger\u00e4t, dem Schwebebalken verzeichnete die Mannschaft nur einen Sturz, was das tolle Ergebnis abrundete.<\/p>\n<p>Den Zuschauern wurde auch dank der spanischen Gastturnerin vom TSV Tittmoning einiges an spektakul\u00e4rer Turnkunst geboten. Cintia Rodriguez Rodriguez holte sich in der inoffiziellen Einzelwertung den ersten Platz. Aber auch die WKG sicherte sich mit Rang zwei durch Sarah Nolle und Rang drei durch Chiara Vees gleich zwei Podestpl\u00e4tze.<\/p>\n<p>Nicht zuletzt sorgten die neuen Turnanz\u00fcge der WKG G\u00e4u-Sch\u00f6nbuch f\u00fcr einen strahlenden Auftritt. An dieser Stelle sei allen Turnerinnen und Eltern f\u00fcr die zahlreichen Spenden gedankt.<\/p>\n<p>Weiter geht es f\u00fcr die Turnerinnen der WKG G\u00e4u-Sch\u00f6nbuch am kommenden Sonntag mit einem Heimauftritt in der Sporthalle G\u00e4ufelden in Nebringen (Wettkampfbeginn 15 Uhr).<\/p>\n","protected":false},"excerpt":{"rendered":"<p>Das Team der WKG G\u00e4u Sch\u00f6nbuch freut sich \u00fcber einen starken zweiten Platz am zweiten Wettkampftag der Regionalliga S\u00fcd. Nur der TSV Tittmoning blieb an diesem Tag ungeschlagen, die Mannschaft vom TG Hegau Bodensee landete auf Platz 3.<\/p>\n","protected":false},"author":1,"featured_media":2292,"comment_status":"open","ping_status":"open","sticky":false,"template":"","format":"standard","meta":{"_vp_format_video_url":"","_vp_image_focal_point":[]},"categories":[41],"tags":[48],"featured_image_urls":{"full":["https:\/\/www.sv-boeblingen.de\/turnen\/wp-content\/uploads\/2013\/10\/LogoBackground.png",1520,860,false],"thumbnail":["https:\/\/www.sv-boeblingen.de\/turnen\/wp-content\/uploads\/2013\/10\/LogoBackground-150x150.png",150,150,true],"medium":["https:\/\/www.sv-boeblingen.de\/turnen\/wp-content\/uploads\/2013\/10\/LogoBackground-300x170.png",300,170,true],"medium_large":["https:\/\/www.sv-boeblingen.de\/turnen\/wp-content\/uploads\/2013\/10\/LogoBackground-768x435.png",768,435,true],"large":["https:\/\/www.sv-boeblingen.de\/turnen\/wp-content\/uploads\/2013\/10\/LogoBackground-1024x579.png",1024,579,true],"ESO-555x450-Crop":["https:\/\/www.sv-boeblingen.de\/turnen\/wp-content\/uploads\/2013\/10\/LogoBackground.png",555,314,false],"ESO-1280x720-Crop":["https:\/\/www.sv-boeblingen.de\/turnen\/wp-content\/uploads\/2013\/10\/LogoBackground.png",1273,720,false],"ESO-1920x1080-Crop":["https:\/\/www.sv-boeblingen.de\/turnen\/wp-content\/uploads\/2013\/10\/LogoBackground.png",1520,860,false],"ESO-360x450-Crop":["https:\/\/www.sv-boeblingen.de\/turnen\/wp-content\/uploads\/2013\/10\/LogoBackground.png",360,204,false],"ESO-720x900-Crop":["https:\/\/www.sv-boeblingen.de\/turnen\/wp-content\/uploads\/2013\/10\/LogoBackground.png",720,407,false],"ESO-360x450-Top":["https:\/\/www.sv-boeblingen.de\/turnen\/wp-content\/uploads\/2013\/10\/LogoBackground.png",360,204,false],"ESO-720x900-Top":["https:\/\/www.sv-boeblingen.de\/turnen\/wp-content\/uploads\/2013\/10\/LogoBackground.png",720,407,false],"thumblist":["https:\/\/www.sv-boeblingen.de\/turnen\/wp-content\/uploads\/2013\/10\/LogoBackground.png",300,170,false],"meccarouselthumb":["https:\/\/www.sv-boeblingen.de\/turnen\/wp-content\/uploads\/2013\/10\/LogoBackground.png",474,268,false],"gridsquare":["https:\/\/www.sv-boeblingen.de\/turnen\/wp-content\/uploads\/2013\/10\/LogoBackground.png",391,221,false],"tileview":["https:\/\/www.sv-boeblingen.de\/turnen\/wp-content\/uploads\/2013\/10\/LogoBackground.png",300,170,false],"timeline-express":["https:\/\/www.sv-boeblingen.de\/turnen\/wp-content\/uploads\/2013\/10\/LogoBackground-350x120.png",350,120,true],"timeline-express-thumbnail":["https:\/\/www.sv-boeblingen.de\/turnen\/wp-content\/uploads\/2013\/10\/LogoBackground-200x120.png",200,120,true],"folio":["https:\/\/www.sv-boeblingen.de\/turnen\/wp-content\/uploads\/2013\/10\/LogoBackground-600x400.png",600,400,true],"1536x1536":["https:\/\/www.sv-boeblingen.de\/turnen\/wp-content\/uploads\/2013\/10\/LogoBackground.png",1520,860,false],"2048x2048":["https:\/\/www.sv-boeblingen.de\/turnen\/wp-content\/uploads\/2013\/10\/LogoBackground.png",1520,860,false],"ab-block-post-grid-landscape":["https:\/\/www.sv-boeblingen.de\/turnen\/wp-content\/uploads\/2013\/10\/LogoBackground-600x400.png",600,400,true],"ab-block-post-grid-square":["https:\/\/www.sv-boeblingen.de\/turnen\/wp-content\/uploads\/2013\/10\/LogoBackground-600x600.png",600,600,true],"vp_sm":["https:\/\/www.sv-boeblingen.de\/turnen\/wp-content\/uploads\/2013\/10\/LogoBackground-500x283.png",500,283,true],"vp_md":["https:\/\/www.sv-boeblingen.de\/turnen\/wp-content\/uploads\/2013\/10\/LogoBackground-800x453.png",800,453,true],"vp_lg":["https:\/\/www.sv-boeblingen.de\/turnen\/wp-content\/uploads\/2013\/10\/LogoBackground-1280x724.png",1280,724,true],"vp_xl":["https:\/\/www.sv-boeblingen.de\/turnen\/wp-content\/uploads\/2013\/10\/LogoBackground.png",1520,860,false],"vp_sm_popup":["https:\/\/www.sv-boeblingen.de\/turnen\/wp-content\/uploads\/2013\/10\/LogoBackground-500x283.png",500,283,true],"vp_md_popup":["https:\/\/www.sv-boeblingen.de\/turnen\/wp-content\/uploads\/2013\/10\/LogoBackground-800x453.png",800,453,true],"vp_xl_popup":["https:\/\/www.sv-boeblingen.de\/turnen\/wp-content\/uploads\/2013\/10\/LogoBackground.png",1520,860,false],"suffice-thumbnail-grid":["https:\/\/www.sv-boeblingen.de\/turnen\/wp-content\/uploads\/2013\/10\/LogoBackground-750x420.png",750,420,true],"suffice-thumbnail-featured-one":["https:\/\/www.sv-boeblingen.de\/turnen\/wp-content\/uploads\/2013\/10\/LogoBackground-295x525.png",295,525,true],"suffice-thumbnail-featured-two":["https:\/\/www.sv-boeblingen.de\/turnen\/wp-content\/uploads\/2013\/10\/LogoBackground-1140x504.png",1140,504,true],"suffice-thumbnail-portfolio":["https:\/\/www.sv-boeblingen.de\/turnen\/wp-content\/uploads\/2013\/10\/LogoBackground-572x552.png",572,552,true],"suffice-thumbnail-portfolio-masonry":["https:\/\/www.sv-boeblingen.de\/turnen\/wp-content\/uploads\/2013\/10\/LogoBackground-572x652.png",572,652,true],"400x250-crop":["https:\/\/www.sv-boeblingen.de\/turnen\/wp-content\/uploads\/2013\/10\/LogoBackground-400x250.png",400,250,true],"woocommerce_thumbnail":["https:\/\/www.sv-boeblingen.de\/turnen\/wp-content\/uploads\/2013\/10\/LogoBackground-300x457.png",300,457,true],"woocommerce_single":["https:\/\/www.sv-boeblingen.de\/turnen\/wp-content\/uploads\/2013\/10\/LogoBackground-600x339.png",600,339,true],"woocommerce_gallery_thumbnail":["https:\/\/www.sv-boeblingen.de\/turnen\/wp-content\/uploads\/2013\/10\/LogoBackground-100x100.png",100,100,true],"shop_catalog":["https:\/\/www.sv-boeblingen.de\/turnen\/wp-content\/uploads\/2013\/10\/LogoBackground-300x457.png",300,457,true],"shop_single":["https:\/\/www.sv-boeblingen.de\/turnen\/wp-content\/uploads\/2013\/10\/LogoBackground-600x339.png",600,339,true],"shop_thumbnail":["https:\/\/www.sv-boeblingen.de\/turnen\/wp-content\/uploads\/2013\/10\/LogoBackground-100x100.png",100,100,true],"sow-carousel-default":["https:\/\/www.sv-boeblingen.de\/turnen\/wp-content\/uploads\/2013\/10\/LogoBackground-272x182.png",272,182,true]},"post_excerpt_stackable":"<p>Das Team der WKG G\u00e4u Sch\u00f6nbuch freut sich \u00fcber einen starken zweiten Platz am zweiten Wettkampftag der Regionalliga S\u00fcd. Nur der TSV Tittmoning blieb an diesem Tag ungeschlagen, die Mannschaft vom TG Hegau Bodensee landete auf Platz 3.<\/p>\n","category_list":"<a href=\"https:\/\/www.sv-boeblingen.de\/turnen\/category\/wettkampf\/\" rel=\"category tag\">Wettkampf<\/a>","author_info":{"display_name":"Anna","author_link":"https:\/\/www.sv-boeblingen.de\/turnen\/author\/anna\/"},"comments_num":"0 comments","featured_image_urls_v2":{"full":["https:\/\/www.sv-boeblingen.de\/turnen\/wp-content\/uploads\/2013\/10\/LogoBackground.png",1520,860,false],"thumbnail":["https:\/\/www.sv-boeblingen.de\/turnen\/wp-content\/uploads\/2013\/10\/LogoBackground-150x150.png",150,150,true],"medium":["https:\/\/www.sv-boeblingen.de\/turnen\/wp-content\/uploads\/2013\/10\/LogoBackground-300x170.png",300,170,true],"medium_large":["https:\/\/www.sv-boeblingen.de\/turnen\/wp-content\/uploads\/2013\/10\/LogoBackground-768x435.png",768,435,true],"large":["https:\/\/www.sv-boeblingen.de\/turnen\/wp-content\/uploads\/2013\/10\/LogoBackground-1024x579.png",1024,579,true],"ESO-555x450-Crop":["https:\/\/www.sv-boeblingen.de\/turnen\/wp-content\/uploads\/2013\/10\/LogoBackground.png",555,314,false],"ESO-1280x720-Crop":["https:\/\/www.sv-boeblingen.de\/turnen\/wp-content\/uploads\/2013\/10\/LogoBackground.png",1273,720,false],"ESO-1920x1080-Crop":["https:\/\/www.sv-boeblingen.de\/turnen\/wp-content\/uploads\/2013\/10\/LogoBackground.png",1520,860,false],"ESO-360x450-Crop":["https:\/\/www.sv-boeblingen.de\/turnen\/wp-content\/uploads\/2013\/10\/LogoBackground.png",360,204,false],"ESO-720x900-Crop":["https:\/\/www.sv-boeblingen.de\/turnen\/wp-content\/uploads\/2013\/10\/LogoBackground.png",720,407,false],"ESO-360x450-Top":["https:\/\/www.sv-boeblingen.de\/turnen\/wp-content\/uploads\/2013\/10\/LogoBackground.png",360,204,false],"ESO-720x900-Top":["https:\/\/www.sv-boeblingen.de\/turnen\/wp-content\/uploads\/2013\/10\/LogoBackground.png",720,407,false],"thumblist":["https:\/\/www.sv-boeblingen.de\/turnen\/wp-content\/uploads\/2013\/10\/LogoBackground.png",300,170,false],"meccarouselthumb":["https:\/\/www.sv-boeblingen.de\/turnen\/wp-content\/uploads\/2013\/10\/LogoBackground.png",474,268,false],"gridsquare":["https:\/\/www.sv-boeblingen.de\/turnen\/wp-content\/uploads\/2013\/10\/LogoBackground.png",391,221,false],"tileview":["https:\/\/www.sv-boeblingen.de\/turnen\/wp-content\/uploads\/2013\/10\/LogoBackground.png",300,170,false],"timeline-express":["https:\/\/www.sv-boeblingen.de\/turnen\/wp-content\/uploads\/2013\/10\/LogoBackground-350x120.png",350,120,true],"timeline-express-thumbnail":["https:\/\/www.sv-boeblingen.de\/turnen\/wp-content\/uploads\/2013\/10\/LogoBackground-200x120.png",200,120,true],"folio":["https:\/\/www.sv-boeblingen.de\/turnen\/wp-content\/uploads\/2013\/10\/LogoBackground-600x400.png",600,400,true],"1536x1536":["https:\/\/www.sv-boeblingen.de\/turnen\/wp-content\/uploads\/2013\/10\/LogoBackground.png",1520,860,false],"2048x2048":["https:\/\/www.sv-boeblingen.de\/turnen\/wp-content\/uploads\/2013\/10\/LogoBackground.png",1520,860,false],"ab-block-post-grid-landscape":["https:\/\/www.sv-boeblingen.de\/turnen\/wp-content\/uploads\/2013\/10\/LogoBackground-600x400.png",600,400,true],"ab-block-post-grid-square":["https:\/\/www.sv-boeblingen.de\/turnen\/wp-content\/uploads\/2013\/10\/LogoBackground-600x600.png",600,600,true],"vp_sm":["https:\/\/www.sv-boeblingen.de\/turnen\/wp-content\/uploads\/2013\/10\/LogoBackground-500x283.png",500,283,true],"vp_md":["https:\/\/www.sv-boeblingen.de\/turnen\/wp-content\/uploads\/2013\/10\/LogoBackground-800x453.png",800,453,true],"vp_lg":["https:\/\/www.sv-boeblingen.de\/turnen\/wp-content\/uploads\/2013\/10\/LogoBackground-1280x724.png",1280,724,true],"vp_xl":["https:\/\/www.sv-boeblingen.de\/turnen\/wp-content\/uploads\/2013\/10\/LogoBackground.png",1520,860,false],"vp_sm_popup":["https:\/\/www.sv-boeblingen.de\/turnen\/wp-content\/uploads\/2013\/10\/LogoBackground-500x283.png",500,283,true],"vp_md_popup":["https:\/\/www.sv-boeblingen.de\/turnen\/wp-content\/uploads\/2013\/10\/LogoBackground-800x453.png",800,453,true],"vp_xl_popup":["https:\/\/www.sv-boeblingen.de\/turnen\/wp-content\/uploads\/2013\/10\/LogoBackground.png",1520,860,false],"suffice-thumbnail-grid":["https:\/\/www.sv-boeblingen.de\/turnen\/wp-content\/uploads\/2013\/10\/LogoBackground-750x420.png",750,420,true],"suffice-thumbnail-featured-one":["https:\/\/www.sv-boeblingen.de\/turnen\/wp-content\/uploads\/2013\/10\/LogoBackground-295x525.png",295,525,true],"suffice-thumbnail-featured-two":["https:\/\/www.sv-boeblingen.de\/turnen\/wp-content\/uploads\/2013\/10\/LogoBackground-1140x504.png",1140,504,true],"suffice-thumbnail-portfolio":["https:\/\/www.sv-boeblingen.de\/turnen\/wp-content\/uploads\/2013\/10\/LogoBackground-572x552.png",572,552,true],"suffice-thumbnail-portfolio-masonry":["https:\/\/www.sv-boeblingen.de\/turnen\/wp-content\/uploads\/2013\/10\/LogoBackground-572x652.png",572,652,true],"400x250-crop":["https:\/\/www.sv-boeblingen.de\/turnen\/wp-content\/uploads\/2013\/10\/LogoBackground-400x250.png",400,250,true],"woocommerce_thumbnail":["https:\/\/www.sv-boeblingen.de\/turnen\/wp-content\/uploads\/2013\/10\/LogoBackground-300x457.png",300,457,true],"woocommerce_single":["https:\/\/www.sv-boeblingen.de\/turnen\/wp-content\/uploads\/2013\/10\/LogoBackground-600x339.png",600,339,true],"woocommerce_gallery_thumbnail":["https:\/\/www.sv-boeblingen.de\/turnen\/wp-content\/uploads\/2013\/10\/LogoBackground-100x100.png",100,100,true],"shop_catalog":["https:\/\/www.sv-boeblingen.de\/turnen\/wp-content\/uploads\/2013\/10\/LogoBackground-300x457.png",300,457,true],"shop_single":["https:\/\/www.sv-boeblingen.de\/turnen\/wp-content\/uploads\/2013\/10\/LogoBackground-600x339.png",600,339,true],"shop_thumbnail":["https:\/\/www.sv-boeblingen.de\/turnen\/wp-content\/uploads\/2013\/10\/LogoBackground-100x100.png",100,100,true],"sow-carousel-default":["https:\/\/www.sv-boeblingen.de\/turnen\/wp-content\/uploads\/2013\/10\/LogoBackground-272x182.png",272,182,true]},"post_excerpt_stackable_v2":"<p>Das Team der WKG G\u00e4u Sch\u00f6nbuch freut sich \u00fcber einen starken zweiten Platz am zweiten Wettkampftag der Regionalliga S\u00fcd. Nur der TSV Tittmoning blieb an diesem Tag ungeschlagen, die Mannschaft vom TG Hegau Bodensee landete auf Platz 3.<\/p>\n","category_list_v2":"<a href=\"https:\/\/www.sv-boeblingen.de\/turnen\/category\/wettkampf\/\" rel=\"category tag\">Wettkampf<\/a>","author_info_v2":{"name":"Anna","url":"https:\/\/www.sv-boeblingen.de\/turnen\/author\/anna\/"},"comments_num_v2":"0 comments","featured_image_src":"https:\/\/www.sv-boeblingen.de\/turnen\/wp-content\/uploads\/2013\/10\/LogoBackground-600x400.png","featured_image_src_square":"https:\/\/www.sv-boeblingen.de\/turnen\/wp-content\/uploads\/2013\/10\/LogoBackground-600x600.png","_links":{"self":[{"href":"https:\/\/www.sv-boeblingen.de\/turnen\/wp-json\/wp\/v2\/posts\/2298"}],"collection":[{"href":"https:\/\/www.sv-boeblingen.de\/turnen\/wp-json\/wp\/v2\/posts"}],"about":[{"href":"https:\/\/www.sv-boeblingen.de\/turnen\/wp-json\/wp\/v2\/types\/post"}],"author":[{"embeddable":true,"href":"https:\/\/www.sv-boeblingen.de\/turnen\/wp-json\/wp\/v2\/users\/1"}],"replies":[{"embeddable":true,"href":"https:\/\/www.sv-boeblingen.de\/turnen\/wp-json\/wp\/v2\/comments?post=2298"}],"version-history":[{"count":0,"href":"https:\/\/www.sv-boeblingen.de\/turnen\/wp-json\/wp\/v2\/posts\/2298\/revisions"}],"wp:featuredmedia":[{"embeddable":true,"href":"https:\/\/www.sv-boeblingen.de\/turnen\/wp-json\/wp\/v2\/media\/2292"}],"wp:attachment":[{"href":"https:\/\/www.sv-boeblingen.de\/turnen\/wp-json\/wp\/v2\/media?parent=2298"}],"wp:term":[{"taxonomy":"category","embeddable":true,"href":"https:\/\/www.sv-boeblingen.de\/turnen\/wp-json\/wp\/v2\/categories?post=2298"},{"taxonomy":"post_tag","embeddable":true,"href":"https:\/\/www.sv-boeblingen.de\/turnen\/wp-json\/wp\/v2\/tags?post=2298"}],"curies":[{"name":"wp","href":"https:\/\/api.w.org\/{rel}","templated":true}]}}