{"id":2102,"date":"2019-05-03T13:56:00","date_gmt":"2019-05-03T13:56:00","guid":{"rendered":"https:\/\/www.sv-boeblingen.de\/turnen\/?p=2102"},"modified":"2019-11-28T13:53:12","modified_gmt":"2019-11-28T13:53:12","slug":"sv-boblingen-schafft-den-klassenerhalt-in-der-bezirksliga","status":"publish","type":"post","link":"https:\/\/www.sv-boeblingen.de\/turnen\/2019\/05\/03\/sv-boblingen-schafft-den-klassenerhalt-in-der-bezirksliga\/","title":{"rendered":"SV B\u00f6blingen schafft den Klassenerhalt in der Bezirksliga"},"content":{"rendered":"<p><strong>Ligafinale, 03. Mai 2019<br \/>\n<\/strong><\/p>\n<p>B\u00f6blinger Kreiszeitung vom 03. Mai 2019<\/p>\n<p>B\u00d6BLINGEN (red). Die Turner der SV B\u00f6blingen verteidigten am letzten Wettkampf der Saison ihren Platz in der Bezirksliga.<\/p>\n<p>Die B\u00f6blinger starteten in aller Fr\u00fch nicht wie gewohnt nach der olympischen Reihenfolge (Boden, Pauschenpferd, Ringe, Sprung, Barren, Reck) am Boden, sondern an den Ringen, sodass das gef\u00fcrchtete Pauschenpferd zum letzten Ger\u00e4t wurde. Trotzdem meisterte die Mannschaft diese Herausforderung und startete nach einem etwas holprigen ersten Ger\u00e4t voll durch. \u00dcberraschungsger\u00e4te waren Reck und Pauschenpferd &#8211; insbesondere an diesen beiden Ger\u00e4te, die in der Saison zu den eher schw\u00e4cheren z\u00e4hlten, erbrachten die SVB-Turner auffallend gute Leistungen. Was auch mit entsprechend hohen Punktzahlen honoriert wurde. Das bedeutete nach einem spannenden Wettkampf beim Ligafinale gegen elf Konkurrenten einen hervorragenden zweiten Platz und somit den Klassenerhalt.<\/p>\n<p>Auch dass der beste Sechsk\u00e4mpfer von der SV B\u00f6blingen gestellt wurde, trug zum gelungenen Abschluss der Ligasaison bei. Neben den Trainern Mario Lutz und Frank Stahn zeigte sich auch Mannschaftsf\u00fchrer Martin Rehm zufrieden: &#8220;Nach diesem wichtigen Erfolg f\u00fcr die Mannschaft blicken wir motiviert nach vorne auf die n\u00e4chste Saison und wollen dann mit neuer Energie angreifen.&#8221;<\/p>\n","protected":false},"excerpt":{"rendered":"<p>Die Turner der SV B\u00f6blingen verteidigten am letzten Wettkampf der Saison ihren Platz in der Bezirksliga.<\/p>\n<p>Die B\u00f6blinger starteten in aller Fr\u00fch nicht wie gewohnt nach der olympischen Reihenfolge (Boden, Pauschenpferd, Ringe, Sprung, Barren, Reck) am Boden, sondern an den Ringen, sodass das gef\u00fcrchtete Pauschenpferd zum letzten Ger\u00e4t wurde.<\/p>\n","protected":false},"author":1,"featured_media":2103,"comment_status":"open","ping_status":"open","sticky":false,"template":"","format":"standard","meta":{"_vp_format_video_url":"","_vp_image_focal_point":[]},"categories":[41],"tags":[],"featured_image_urls":{"full":["https:\/\/www.sv-boeblingen.de\/turnen\/wp-content\/uploads\/2019\/11\/2019050301.jpg",760,430,false],"thumbnail":["https:\/\/www.sv-boeblingen.de\/turnen\/wp-content\/uploads\/2019\/11\/2019050301-150x150.jpg",150,150,true],"medium":["https:\/\/www.sv-boeblingen.de\/turnen\/wp-content\/uploads\/2019\/11\/2019050301-300x170.jpg",300,170,true],"medium_large":["https:\/\/www.sv-boeblingen.de\/turnen\/wp-content\/uploads\/2019\/11\/2019050301.jpg",760,430,false],"large":["https:\/\/www.sv-boeblingen.de\/turnen\/wp-content\/uploads\/2019\/11\/2019050301.jpg",760,430,false],"ESO-555x450-Crop":["https:\/\/www.sv-boeblingen.de\/turnen\/wp-content\/uploads\/2019\/11\/2019050301.jpg",555,314,false],"ESO-1280x720-Crop":["https:\/\/www.sv-boeblingen.de\/turnen\/wp-content\/uploads\/2019\/11\/2019050301.jpg",760,430,false],"ESO-1920x1080-Crop":["https:\/\/www.sv-boeblingen.de\/turnen\/wp-content\/uploads\/2019\/11\/2019050301.jpg",760,430,false],"ESO-360x450-Crop":["https:\/\/www.sv-boeblingen.de\/turnen\/wp-content\/uploads\/2019\/11\/2019050301.jpg",360,204,false],"ESO-720x900-Crop":["https:\/\/www.sv-boeblingen.de\/turnen\/wp-content\/uploads\/2019\/11\/2019050301.jpg",720,407,false],"ESO-360x450-Top":["https:\/\/www.sv-boeblingen.de\/turnen\/wp-content\/uploads\/2019\/11\/2019050301.jpg",360,204,false],"ESO-720x900-Top":["https:\/\/www.sv-boeblingen.de\/turnen\/wp-content\/uploads\/2019\/11\/2019050301.jpg",720,407,false],"thumblist":["https:\/\/www.sv-boeblingen.de\/turnen\/wp-content\/uploads\/2019\/11\/2019050301.jpg",300,170,false],"meccarouselthumb":["https:\/\/www.sv-boeblingen.de\/turnen\/wp-content\/uploads\/2019\/11\/2019050301.jpg",474,268,false],"gridsquare":["https:\/\/www.sv-boeblingen.de\/turnen\/wp-content\/uploads\/2019\/11\/2019050301.jpg",391,221,false],"tileview":["https:\/\/www.sv-boeblingen.de\/turnen\/wp-content\/uploads\/2019\/11\/2019050301.jpg",300,170,false],"timeline-express":["https:\/\/www.sv-boeblingen.de\/turnen\/wp-content\/uploads\/2019\/11\/2019050301-350x120.jpg",350,120,true],"timeline-express-thumbnail":["https:\/\/www.sv-boeblingen.de\/turnen\/wp-content\/uploads\/2019\/11\/2019050301-200x120.jpg",200,120,true],"folio":["https:\/\/www.sv-boeblingen.de\/turnen\/wp-content\/uploads\/2019\/11\/2019050301-600x400.jpg",600,400,true],"1536x1536":["https:\/\/www.sv-boeblingen.de\/turnen\/wp-content\/uploads\/2019\/11\/2019050301.jpg",760,430,false],"2048x2048":["https:\/\/www.sv-boeblingen.de\/turnen\/wp-content\/uploads\/2019\/11\/2019050301.jpg",760,430,false],"ab-block-post-grid-landscape":["https:\/\/www.sv-boeblingen.de\/turnen\/wp-content\/uploads\/2019\/11\/2019050301-600x400.jpg",600,400,true],"ab-block-post-grid-square":["https:\/\/www.sv-boeblingen.de\/turnen\/wp-content\/uploads\/2019\/11\/2019050301-600x430.jpg",600,430,true],"vp_sm":["https:\/\/www.sv-boeblingen.de\/turnen\/wp-content\/uploads\/2019\/11\/2019050301-500x283.jpg",500,283,true],"vp_md":["https:\/\/www.sv-boeblingen.de\/turnen\/wp-content\/uploads\/2019\/11\/2019050301.jpg",760,430,false],"vp_lg":["https:\/\/www.sv-boeblingen.de\/turnen\/wp-content\/uploads\/2019\/11\/2019050301.jpg",760,430,false],"vp_xl":["https:\/\/www.sv-boeblingen.de\/turnen\/wp-content\/uploads\/2019\/11\/2019050301.jpg",760,430,false],"vp_sm_popup":["https:\/\/www.sv-boeblingen.de\/turnen\/wp-content\/uploads\/2019\/11\/2019050301-500x283.jpg",500,283,true],"vp_md_popup":["https:\/\/www.sv-boeblingen.de\/turnen\/wp-content\/uploads\/2019\/11\/2019050301.jpg",760,430,false],"vp_xl_popup":["https:\/\/www.sv-boeblingen.de\/turnen\/wp-content\/uploads\/2019\/11\/2019050301.jpg",760,430,false],"suffice-thumbnail-grid":["https:\/\/www.sv-boeblingen.de\/turnen\/wp-content\/uploads\/2019\/11\/2019050301-750x420.jpg",750,420,true],"suffice-thumbnail-featured-one":["https:\/\/www.sv-boeblingen.de\/turnen\/wp-content\/uploads\/2019\/11\/2019050301-295x430.jpg",295,430,true],"suffice-thumbnail-featured-two":["https:\/\/www.sv-boeblingen.de\/turnen\/wp-content\/uploads\/2019\/11\/2019050301.jpg",760,430,false],"suffice-thumbnail-portfolio":["https:\/\/www.sv-boeblingen.de\/turnen\/wp-content\/uploads\/2019\/11\/2019050301-572x430.jpg",572,430,true],"suffice-thumbnail-portfolio-masonry":["https:\/\/www.sv-boeblingen.de\/turnen\/wp-content\/uploads\/2019\/11\/2019050301-572x430.jpg",572,430,true],"400x250-crop":["https:\/\/www.sv-boeblingen.de\/turnen\/wp-content\/uploads\/2019\/11\/2019050301-400x250.jpg",400,250,true],"woocommerce_thumbnail":["https:\/\/www.sv-boeblingen.de\/turnen\/wp-content\/uploads\/2019\/11\/2019050301-300x430.jpg",300,430,true],"woocommerce_single":["https:\/\/www.sv-boeblingen.de\/turnen\/wp-content\/uploads\/2019\/11\/2019050301-600x339.jpg",600,339,true],"woocommerce_gallery_thumbnail":["https:\/\/www.sv-boeblingen.de\/turnen\/wp-content\/uploads\/2019\/11\/2019050301-100x100.jpg",100,100,true],"shop_catalog":["https:\/\/www.sv-boeblingen.de\/turnen\/wp-content\/uploads\/2019\/11\/2019050301-300x430.jpg",300,430,true],"shop_single":["https:\/\/www.sv-boeblingen.de\/turnen\/wp-content\/uploads\/2019\/11\/2019050301-600x339.jpg",600,339,true],"shop_thumbnail":["https:\/\/www.sv-boeblingen.de\/turnen\/wp-content\/uploads\/2019\/11\/2019050301-100x100.jpg",100,100,true],"sow-carousel-default":["https:\/\/www.sv-boeblingen.de\/turnen\/wp-content\/uploads\/2019\/11\/2019050301-272x182.jpg",272,182,true]},"post_excerpt_stackable":"<p>Die Turner der SV B\u00f6blingen verteidigten am letzten Wettkampf der Saison ihren Platz in der Bezirksliga.<\/p>\n<p>Die B\u00f6blinger starteten in aller Fr\u00fch nicht wie gewohnt nach der olympischen Reihenfolge (Boden, Pauschenpferd, Ringe, Sprung, Barren, Reck) am Boden, sondern an den Ringen, sodass das gef\u00fcrchtete Pauschenpferd zum letzten Ger\u00e4t wurde.<\/p>\n","category_list":"<a href=\"https:\/\/www.sv-boeblingen.de\/turnen\/category\/wettkampf\/\" rel=\"category tag\">Wettkampf<\/a>","author_info":{"display_name":"Anna","author_link":"https:\/\/www.sv-boeblingen.de\/turnen\/author\/anna\/"},"comments_num":"0 comments","featured_image_urls_v2":{"full":["https:\/\/www.sv-boeblingen.de\/turnen\/wp-content\/uploads\/2019\/11\/2019050301.jpg",760,430,false],"thumbnail":["https:\/\/www.sv-boeblingen.de\/turnen\/wp-content\/uploads\/2019\/11\/2019050301-150x150.jpg",150,150,true],"medium":["https:\/\/www.sv-boeblingen.de\/turnen\/wp-content\/uploads\/2019\/11\/2019050301-300x170.jpg",300,170,true],"medium_large":["https:\/\/www.sv-boeblingen.de\/turnen\/wp-content\/uploads\/2019\/11\/2019050301.jpg",760,430,false],"large":["https:\/\/www.sv-boeblingen.de\/turnen\/wp-content\/uploads\/2019\/11\/2019050301.jpg",760,430,false],"ESO-555x450-Crop":["https:\/\/www.sv-boeblingen.de\/turnen\/wp-content\/uploads\/2019\/11\/2019050301.jpg",555,314,false],"ESO-1280x720-Crop":["https:\/\/www.sv-boeblingen.de\/turnen\/wp-content\/uploads\/2019\/11\/2019050301.jpg",760,430,false],"ESO-1920x1080-Crop":["https:\/\/www.sv-boeblingen.de\/turnen\/wp-content\/uploads\/2019\/11\/2019050301.jpg",760,430,false],"ESO-360x450-Crop":["https:\/\/www.sv-boeblingen.de\/turnen\/wp-content\/uploads\/2019\/11\/2019050301.jpg",360,204,false],"ESO-720x900-Crop":["https:\/\/www.sv-boeblingen.de\/turnen\/wp-content\/uploads\/2019\/11\/2019050301.jpg",720,407,false],"ESO-360x450-Top":["https:\/\/www.sv-boeblingen.de\/turnen\/wp-content\/uploads\/2019\/11\/2019050301.jpg",360,204,false],"ESO-720x900-Top":["https:\/\/www.sv-boeblingen.de\/turnen\/wp-content\/uploads\/2019\/11\/2019050301.jpg",720,407,false],"thumblist":["https:\/\/www.sv-boeblingen.de\/turnen\/wp-content\/uploads\/2019\/11\/2019050301.jpg",300,170,false],"meccarouselthumb":["https:\/\/www.sv-boeblingen.de\/turnen\/wp-content\/uploads\/2019\/11\/2019050301.jpg",474,268,false],"gridsquare":["https:\/\/www.sv-boeblingen.de\/turnen\/wp-content\/uploads\/2019\/11\/2019050301.jpg",391,221,false],"tileview":["https:\/\/www.sv-boeblingen.de\/turnen\/wp-content\/uploads\/2019\/11\/2019050301.jpg",300,170,false],"timeline-express":["https:\/\/www.sv-boeblingen.de\/turnen\/wp-content\/uploads\/2019\/11\/2019050301-350x120.jpg",350,120,true],"timeline-express-thumbnail":["https:\/\/www.sv-boeblingen.de\/turnen\/wp-content\/uploads\/2019\/11\/2019050301-200x120.jpg",200,120,true],"folio":["https:\/\/www.sv-boeblingen.de\/turnen\/wp-content\/uploads\/2019\/11\/2019050301-600x400.jpg",600,400,true],"1536x1536":["https:\/\/www.sv-boeblingen.de\/turnen\/wp-content\/uploads\/2019\/11\/2019050301.jpg",760,430,false],"2048x2048":["https:\/\/www.sv-boeblingen.de\/turnen\/wp-content\/uploads\/2019\/11\/2019050301.jpg",760,430,false],"ab-block-post-grid-landscape":["https:\/\/www.sv-boeblingen.de\/turnen\/wp-content\/uploads\/2019\/11\/2019050301-600x400.jpg",600,400,true],"ab-block-post-grid-square":["https:\/\/www.sv-boeblingen.de\/turnen\/wp-content\/uploads\/2019\/11\/2019050301-600x430.jpg",600,430,true],"vp_sm":["https:\/\/www.sv-boeblingen.de\/turnen\/wp-content\/uploads\/2019\/11\/2019050301-500x283.jpg",500,283,true],"vp_md":["https:\/\/www.sv-boeblingen.de\/turnen\/wp-content\/uploads\/2019\/11\/2019050301.jpg",760,430,false],"vp_lg":["https:\/\/www.sv-boeblingen.de\/turnen\/wp-content\/uploads\/2019\/11\/2019050301.jpg",760,430,false],"vp_xl":["https:\/\/www.sv-boeblingen.de\/turnen\/wp-content\/uploads\/2019\/11\/2019050301.jpg",760,430,false],"vp_sm_popup":["https:\/\/www.sv-boeblingen.de\/turnen\/wp-content\/uploads\/2019\/11\/2019050301-500x283.jpg",500,283,true],"vp_md_popup":["https:\/\/www.sv-boeblingen.de\/turnen\/wp-content\/uploads\/2019\/11\/2019050301.jpg",760,430,false],"vp_xl_popup":["https:\/\/www.sv-boeblingen.de\/turnen\/wp-content\/uploads\/2019\/11\/2019050301.jpg",760,430,false],"suffice-thumbnail-grid":["https:\/\/www.sv-boeblingen.de\/turnen\/wp-content\/uploads\/2019\/11\/2019050301-750x420.jpg",750,420,true],"suffice-thumbnail-featured-one":["https:\/\/www.sv-boeblingen.de\/turnen\/wp-content\/uploads\/2019\/11\/2019050301-295x430.jpg",295,430,true],"suffice-thumbnail-featured-two":["https:\/\/www.sv-boeblingen.de\/turnen\/wp-content\/uploads\/2019\/11\/2019050301.jpg",760,430,false],"suffice-thumbnail-portfolio":["https:\/\/www.sv-boeblingen.de\/turnen\/wp-content\/uploads\/2019\/11\/2019050301-572x430.jpg",572,430,true],"suffice-thumbnail-portfolio-masonry":["https:\/\/www.sv-boeblingen.de\/turnen\/wp-content\/uploads\/2019\/11\/2019050301-572x430.jpg",572,430,true],"400x250-crop":["https:\/\/www.sv-boeblingen.de\/turnen\/wp-content\/uploads\/2019\/11\/2019050301-400x250.jpg",400,250,true],"woocommerce_thumbnail":["https:\/\/www.sv-boeblingen.de\/turnen\/wp-content\/uploads\/2019\/11\/2019050301-300x430.jpg",300,430,true],"woocommerce_single":["https:\/\/www.sv-boeblingen.de\/turnen\/wp-content\/uploads\/2019\/11\/2019050301-600x339.jpg",600,339,true],"woocommerce_gallery_thumbnail":["https:\/\/www.sv-boeblingen.de\/turnen\/wp-content\/uploads\/2019\/11\/2019050301-100x100.jpg",100,100,true],"shop_catalog":["https:\/\/www.sv-boeblingen.de\/turnen\/wp-content\/uploads\/2019\/11\/2019050301-300x430.jpg",300,430,true],"shop_single":["https:\/\/www.sv-boeblingen.de\/turnen\/wp-content\/uploads\/2019\/11\/2019050301-600x339.jpg",600,339,true],"shop_thumbnail":["https:\/\/www.sv-boeblingen.de\/turnen\/wp-content\/uploads\/2019\/11\/2019050301-100x100.jpg",100,100,true],"sow-carousel-default":["https:\/\/www.sv-boeblingen.de\/turnen\/wp-content\/uploads\/2019\/11\/2019050301-272x182.jpg",272,182,true]},"post_excerpt_stackable_v2":"<p>Die Turner der SV B\u00f6blingen verteidigten am letzten Wettkampf der Saison ihren Platz in der Bezirksliga.<\/p>\n<p>Die B\u00f6blinger starteten in aller Fr\u00fch nicht wie gewohnt nach der olympischen Reihenfolge (Boden, Pauschenpferd, Ringe, Sprung, Barren, Reck) am Boden, sondern an den Ringen, sodass das gef\u00fcrchtete Pauschenpferd zum letzten Ger\u00e4t wurde.<\/p>\n","category_list_v2":"<a href=\"https:\/\/www.sv-boeblingen.de\/turnen\/category\/wettkampf\/\" rel=\"category tag\">Wettkampf<\/a>","author_info_v2":{"name":"Anna","url":"https:\/\/www.sv-boeblingen.de\/turnen\/author\/anna\/"},"comments_num_v2":"0 comments","featured_image_src":"https:\/\/www.sv-boeblingen.de\/turnen\/wp-content\/uploads\/2019\/11\/2019050301-600x400.jpg","featured_image_src_square":"https:\/\/www.sv-boeblingen.de\/turnen\/wp-content\/uploads\/2019\/11\/2019050301-600x430.jpg","_links":{"self":[{"href":"https:\/\/www.sv-boeblingen.de\/turnen\/wp-json\/wp\/v2\/posts\/2102"}],"collection":[{"href":"https:\/\/www.sv-boeblingen.de\/turnen\/wp-json\/wp\/v2\/posts"}],"about":[{"href":"https:\/\/www.sv-boeblingen.de\/turnen\/wp-json\/wp\/v2\/types\/post"}],"author":[{"embeddable":true,"href":"https:\/\/www.sv-boeblingen.de\/turnen\/wp-json\/wp\/v2\/users\/1"}],"replies":[{"embeddable":true,"href":"https:\/\/www.sv-boeblingen.de\/turnen\/wp-json\/wp\/v2\/comments?post=2102"}],"version-history":[{"count":0,"href":"https:\/\/www.sv-boeblingen.de\/turnen\/wp-json\/wp\/v2\/posts\/2102\/revisions"}],"wp:featuredmedia":[{"embeddable":true,"href":"https:\/\/www.sv-boeblingen.de\/turnen\/wp-json\/wp\/v2\/media\/2103"}],"wp:attachment":[{"href":"https:\/\/www.sv-boeblingen.de\/turnen\/wp-json\/wp\/v2\/media?parent=2102"}],"wp:term":[{"taxonomy":"category","embeddable":true,"href":"https:\/\/www.sv-boeblingen.de\/turnen\/wp-json\/wp\/v2\/categories?post=2102"},{"taxonomy":"post_tag","embeddable":true,"href":"https:\/\/www.sv-boeblingen.de\/turnen\/wp-json\/wp\/v2\/tags?post=2102"}],"curies":[{"name":"wp","href":"https:\/\/api.w.org\/{rel}","templated":true}]}}