{"id":2069,"date":"2013-03-19T21:28:50","date_gmt":"2013-03-19T21:28:50","guid":{"rendered":"https:\/\/www.sv-boeblingen.de\/turnen\/?p=2069"},"modified":"2019-11-28T14:07:24","modified_gmt":"2019-11-28T14:07:24","slug":"mit-einer-sensation-das-i-tupfelchen-gesetzt","status":"publish","type":"post","link":"https:\/\/www.sv-boeblingen.de\/turnen\/2013\/03\/19\/mit-einer-sensation-das-i-tupfelchen-gesetzt\/","title":{"rendered":"Mit einer Sensation das i-T\u00fcpfelchen gesetzt"},"content":{"rendered":"<p><b>Freudenspr\u00fcnge nach dem vierten Wettkampftag in der h\u00f6chsten w\u00fcrttembergischen Liga: Die WKG G\u00e4u-Sch\u00f6nbuch II darf am Saisonfinale der vier besten Oberligamannschaften teilnehmen<\/b><\/p>\n<p>B\u00f6blinger Kreiszeitung vom 19. M\u00e4rz 2013<\/p>\n<p>Die Zweite Mannschaft der WKG G\u00e4u-Sch\u00f6nbuch qualifiziert sich \u00fcberraschend f\u00fcrs Finale der vier besten Oberliga-Teams<\/p>\n<p>Am vierten Wettkampftag in Heidenheim an der Brenz setzten die Turnerinnen der WKG G\u00e4u-Sch\u00f6nbuch das I-T\u00fcpfelchen auf eine gelungene, nie f\u00fcr m\u00f6gliche gehaltene Wettkampfsaison.<\/p>\n<p>Ziel der Mannschaft war es, einen sicheren Mittelfeldplatz zu erreichen, und nicht wie im vergangeneu Jahr gegen den Abstieg zu turnen. Allerdings ergab sich nach drei von vier Wettkampftagen ein v\u00f6llig anderes Bild. Nicht der angestrebte Mittelfeldplatz stand zu Buche, sondern ein vierter Rang, der gleichbedeutend mit der Teilnahme am Finale des besten Oberligaquartetts war.<\/p>\n<p>Von dieser Platzierung motiviert gingen die jungen Turnerinnen voller Selbstbewusstsein an die Ger\u00e4te. Der direkte Gegner der WKG-M\u00e4dels war die TSG T\u00fcbingen, die in der vergangeneu Saison noch in der Regionalliga turnte. Startger\u00e4t war der Stufenbarren. Hier legten die T\u00fcbinger gleich richtig los und zogen mit vier Punkten Vorsprung davon. Am Schwebebalken ging es dann schon enger zur Sache und dieses zweite Ger\u00e4t entschied die WKG mit wenigen Zehnteln Vorsprung f\u00fcr sich. Der Boden, das Paradeger\u00e4t der WKG brachte dann die Wende herbei und die Turnerinnen holten vier wichtige Punkte auf T\u00fcbingen auf.<\/p>\n<p>Vor dem letzten Ger\u00e4t lagen die Turnerinnen aus dem Kreis B\u00f6blingen hauchd\u00fcnn in Front. Der Sprung sollte die Entscheidung bringen. Ein \u00dcberschlag, ein Yamshita und drei sicher in den Stand gestellte Tshukaharas sorgten f\u00fcr einen Endstand von knapp 1,5 Punkten Vorsprung auf die T\u00fcbingerinnen. Die Sensation war perfekt und das gesteckte Ziel wurde bei weitem \u00fcbertroffen. Mit dem Wissen, nicht mehr absteigen zu m\u00fcssen, geht die junge Mannschaft am kommenden Wochenende v\u00f6llig relaxt in den letzten Wettkampf der Saison. Alle M\u00e4dels freuen sich nochmals darauf, ihre \u00dcbungen dem Publikum zu pr\u00e4sentieren.<\/p>\n<p>Weniger erfolgreich ging das letzte Wettkampfwochenende f\u00fcr die dritte und vierte Mannschaft der WKG G\u00e4u-Sch\u00f6nbuch zu Ende. W\u00e4hrend die WKG IV mit Platz acht wohl direkt in die Kreisliga absteigen wird, muss die WKG III nochmals in einem Relegationswettkampf gegen Neckarhausen, Schmielen und S\u00fc\u00dfen antreten. Platz eins und zwei w\u00fcrden zum Verbleib in der Verbandsliga berechtigten, drei und vier sind gleichbedeutend mit dem Abstieg in die Landesliga. Keine der vier Mannschaften geht als klarer Favorit ins Rennen. Daher ist Spannung programmiert. Die Relegationswettk\u00e4mpfe sowie das Ligafinale finden am Samstag in Berkheim statt.<\/p>\n","protected":false},"excerpt":{"rendered":"<p>Freudenspr\u00fcnge nach dem vierten Wettkampftag in der h\u00f6chsten w\u00fcrttembergischen Liga: Die WKG G\u00e4u-Sch\u00f6nbuch II darf am Saisonfinale der vier besten Oberligamannschaften teilnehmen<\/p>\n","protected":false},"author":1,"featured_media":2070,"comment_status":"open","ping_status":"open","sticky":false,"template":"","format":"standard","meta":{"_vp_format_video_url":"","_vp_image_focal_point":[]},"categories":[41],"tags":[48],"featured_image_urls":{"full":["https:\/\/www.sv-boeblingen.de\/turnen\/wp-content\/uploads\/2019\/11\/2013031701.jpg",760,430,false],"thumbnail":["https:\/\/www.sv-boeblingen.de\/turnen\/wp-content\/uploads\/2019\/11\/2013031701-150x150.jpg",150,150,true],"medium":["https:\/\/www.sv-boeblingen.de\/turnen\/wp-content\/uploads\/2019\/11\/2013031701-300x170.jpg",300,170,true],"medium_large":["https:\/\/www.sv-boeblingen.de\/turnen\/wp-content\/uploads\/2019\/11\/2013031701.jpg",760,430,false],"large":["https:\/\/www.sv-boeblingen.de\/turnen\/wp-content\/uploads\/2019\/11\/2013031701.jpg",760,430,false],"ESO-555x450-Crop":["https:\/\/www.sv-boeblingen.de\/turnen\/wp-content\/uploads\/2019\/11\/2013031701.jpg",555,314,false],"ESO-1280x720-Crop":["https:\/\/www.sv-boeblingen.de\/turnen\/wp-content\/uploads\/2019\/11\/2013031701.jpg",760,430,false],"ESO-1920x1080-Crop":["https:\/\/www.sv-boeblingen.de\/turnen\/wp-content\/uploads\/2019\/11\/2013031701.jpg",760,430,false],"ESO-360x450-Crop":["https:\/\/www.sv-boeblingen.de\/turnen\/wp-content\/uploads\/2019\/11\/2013031701.jpg",360,204,false],"ESO-720x900-Crop":["https:\/\/www.sv-boeblingen.de\/turnen\/wp-content\/uploads\/2019\/11\/2013031701.jpg",720,407,false],"ESO-360x450-Top":["https:\/\/www.sv-boeblingen.de\/turnen\/wp-content\/uploads\/2019\/11\/2013031701.jpg",360,204,false],"ESO-720x900-Top":["https:\/\/www.sv-boeblingen.de\/turnen\/wp-content\/uploads\/2019\/11\/2013031701.jpg",720,407,false],"thumblist":["https:\/\/www.sv-boeblingen.de\/turnen\/wp-content\/uploads\/2019\/11\/2013031701.jpg",300,170,false],"meccarouselthumb":["https:\/\/www.sv-boeblingen.de\/turnen\/wp-content\/uploads\/2019\/11\/2013031701.jpg",474,268,false],"gridsquare":["https:\/\/www.sv-boeblingen.de\/turnen\/wp-content\/uploads\/2019\/11\/2013031701.jpg",391,221,false],"tileview":["https:\/\/www.sv-boeblingen.de\/turnen\/wp-content\/uploads\/2019\/11\/2013031701.jpg",300,170,false],"timeline-express":["https:\/\/www.sv-boeblingen.de\/turnen\/wp-content\/uploads\/2019\/11\/2013031701-350x120.jpg",350,120,true],"timeline-express-thumbnail":["https:\/\/www.sv-boeblingen.de\/turnen\/wp-content\/uploads\/2019\/11\/2013031701-200x120.jpg",200,120,true],"folio":["https:\/\/www.sv-boeblingen.de\/turnen\/wp-content\/uploads\/2019\/11\/2013031701-600x400.jpg",600,400,true],"1536x1536":["https:\/\/www.sv-boeblingen.de\/turnen\/wp-content\/uploads\/2019\/11\/2013031701.jpg",760,430,false],"2048x2048":["https:\/\/www.sv-boeblingen.de\/turnen\/wp-content\/uploads\/2019\/11\/2013031701.jpg",760,430,false],"ab-block-post-grid-landscape":["https:\/\/www.sv-boeblingen.de\/turnen\/wp-content\/uploads\/2019\/11\/2013031701-600x400.jpg",600,400,true],"ab-block-post-grid-square":["https:\/\/www.sv-boeblingen.de\/turnen\/wp-content\/uploads\/2019\/11\/2013031701-600x430.jpg",600,430,true],"vp_sm":["https:\/\/www.sv-boeblingen.de\/turnen\/wp-content\/uploads\/2019\/11\/2013031701-500x283.jpg",500,283,true],"vp_md":["https:\/\/www.sv-boeblingen.de\/turnen\/wp-content\/uploads\/2019\/11\/2013031701.jpg",760,430,false],"vp_lg":["https:\/\/www.sv-boeblingen.de\/turnen\/wp-content\/uploads\/2019\/11\/2013031701.jpg",760,430,false],"vp_xl":["https:\/\/www.sv-boeblingen.de\/turnen\/wp-content\/uploads\/2019\/11\/2013031701.jpg",760,430,false],"vp_sm_popup":["https:\/\/www.sv-boeblingen.de\/turnen\/wp-content\/uploads\/2019\/11\/2013031701-500x283.jpg",500,283,true],"vp_md_popup":["https:\/\/www.sv-boeblingen.de\/turnen\/wp-content\/uploads\/2019\/11\/2013031701.jpg",760,430,false],"vp_xl_popup":["https:\/\/www.sv-boeblingen.de\/turnen\/wp-content\/uploads\/2019\/11\/2013031701.jpg",760,430,false],"suffice-thumbnail-grid":["https:\/\/www.sv-boeblingen.de\/turnen\/wp-content\/uploads\/2019\/11\/2013031701-750x420.jpg",750,420,true],"suffice-thumbnail-featured-one":["https:\/\/www.sv-boeblingen.de\/turnen\/wp-content\/uploads\/2019\/11\/2013031701-295x430.jpg",295,430,true],"suffice-thumbnail-featured-two":["https:\/\/www.sv-boeblingen.de\/turnen\/wp-content\/uploads\/2019\/11\/2013031701.jpg",760,430,false],"suffice-thumbnail-portfolio":["https:\/\/www.sv-boeblingen.de\/turnen\/wp-content\/uploads\/2019\/11\/2013031701-572x430.jpg",572,430,true],"suffice-thumbnail-portfolio-masonry":["https:\/\/www.sv-boeblingen.de\/turnen\/wp-content\/uploads\/2019\/11\/2013031701-572x430.jpg",572,430,true],"400x250-crop":["https:\/\/www.sv-boeblingen.de\/turnen\/wp-content\/uploads\/2019\/11\/2013031701-400x250.jpg",400,250,true],"woocommerce_thumbnail":["https:\/\/www.sv-boeblingen.de\/turnen\/wp-content\/uploads\/2019\/11\/2013031701-300x430.jpg",300,430,true],"woocommerce_single":["https:\/\/www.sv-boeblingen.de\/turnen\/wp-content\/uploads\/2019\/11\/2013031701-600x339.jpg",600,339,true],"woocommerce_gallery_thumbnail":["https:\/\/www.sv-boeblingen.de\/turnen\/wp-content\/uploads\/2019\/11\/2013031701-100x100.jpg",100,100,true],"shop_catalog":["https:\/\/www.sv-boeblingen.de\/turnen\/wp-content\/uploads\/2019\/11\/2013031701-300x430.jpg",300,430,true],"shop_single":["https:\/\/www.sv-boeblingen.de\/turnen\/wp-content\/uploads\/2019\/11\/2013031701-600x339.jpg",600,339,true],"shop_thumbnail":["https:\/\/www.sv-boeblingen.de\/turnen\/wp-content\/uploads\/2019\/11\/2013031701-100x100.jpg",100,100,true],"sow-carousel-default":["https:\/\/www.sv-boeblingen.de\/turnen\/wp-content\/uploads\/2019\/11\/2013031701-272x182.jpg",272,182,true]},"post_excerpt_stackable":"<p>Freudenspr\u00fcnge nach dem vierten Wettkampftag in der h\u00f6chsten w\u00fcrttembergischen Liga: Die WKG G\u00e4u-Sch\u00f6nbuch II darf am Saisonfinale der vier besten Oberligamannschaften teilnehmen<\/p>\n","category_list":"<a href=\"https:\/\/www.sv-boeblingen.de\/turnen\/category\/wettkampf\/\" rel=\"category tag\">Wettkampf<\/a>","author_info":{"display_name":"Anna","author_link":"https:\/\/www.sv-boeblingen.de\/turnen\/author\/anna\/"},"comments_num":"0 comments","featured_image_urls_v2":{"full":["https:\/\/www.sv-boeblingen.de\/turnen\/wp-content\/uploads\/2019\/11\/2013031701.jpg",760,430,false],"thumbnail":["https:\/\/www.sv-boeblingen.de\/turnen\/wp-content\/uploads\/2019\/11\/2013031701-150x150.jpg",150,150,true],"medium":["https:\/\/www.sv-boeblingen.de\/turnen\/wp-content\/uploads\/2019\/11\/2013031701-300x170.jpg",300,170,true],"medium_large":["https:\/\/www.sv-boeblingen.de\/turnen\/wp-content\/uploads\/2019\/11\/2013031701.jpg",760,430,false],"large":["https:\/\/www.sv-boeblingen.de\/turnen\/wp-content\/uploads\/2019\/11\/2013031701.jpg",760,430,false],"ESO-555x450-Crop":["https:\/\/www.sv-boeblingen.de\/turnen\/wp-content\/uploads\/2019\/11\/2013031701.jpg",555,314,false],"ESO-1280x720-Crop":["https:\/\/www.sv-boeblingen.de\/turnen\/wp-content\/uploads\/2019\/11\/2013031701.jpg",760,430,false],"ESO-1920x1080-Crop":["https:\/\/www.sv-boeblingen.de\/turnen\/wp-content\/uploads\/2019\/11\/2013031701.jpg",760,430,false],"ESO-360x450-Crop":["https:\/\/www.sv-boeblingen.de\/turnen\/wp-content\/uploads\/2019\/11\/2013031701.jpg",360,204,false],"ESO-720x900-Crop":["https:\/\/www.sv-boeblingen.de\/turnen\/wp-content\/uploads\/2019\/11\/2013031701.jpg",720,407,false],"ESO-360x450-Top":["https:\/\/www.sv-boeblingen.de\/turnen\/wp-content\/uploads\/2019\/11\/2013031701.jpg",360,204,false],"ESO-720x900-Top":["https:\/\/www.sv-boeblingen.de\/turnen\/wp-content\/uploads\/2019\/11\/2013031701.jpg",720,407,false],"thumblist":["https:\/\/www.sv-boeblingen.de\/turnen\/wp-content\/uploads\/2019\/11\/2013031701.jpg",300,170,false],"meccarouselthumb":["https:\/\/www.sv-boeblingen.de\/turnen\/wp-content\/uploads\/2019\/11\/2013031701.jpg",474,268,false],"gridsquare":["https:\/\/www.sv-boeblingen.de\/turnen\/wp-content\/uploads\/2019\/11\/2013031701.jpg",391,221,false],"tileview":["https:\/\/www.sv-boeblingen.de\/turnen\/wp-content\/uploads\/2019\/11\/2013031701.jpg",300,170,false],"timeline-express":["https:\/\/www.sv-boeblingen.de\/turnen\/wp-content\/uploads\/2019\/11\/2013031701-350x120.jpg",350,120,true],"timeline-express-thumbnail":["https:\/\/www.sv-boeblingen.de\/turnen\/wp-content\/uploads\/2019\/11\/2013031701-200x120.jpg",200,120,true],"folio":["https:\/\/www.sv-boeblingen.de\/turnen\/wp-content\/uploads\/2019\/11\/2013031701-600x400.jpg",600,400,true],"1536x1536":["https:\/\/www.sv-boeblingen.de\/turnen\/wp-content\/uploads\/2019\/11\/2013031701.jpg",760,430,false],"2048x2048":["https:\/\/www.sv-boeblingen.de\/turnen\/wp-content\/uploads\/2019\/11\/2013031701.jpg",760,430,false],"ab-block-post-grid-landscape":["https:\/\/www.sv-boeblingen.de\/turnen\/wp-content\/uploads\/2019\/11\/2013031701-600x400.jpg",600,400,true],"ab-block-post-grid-square":["https:\/\/www.sv-boeblingen.de\/turnen\/wp-content\/uploads\/2019\/11\/2013031701-600x430.jpg",600,430,true],"vp_sm":["https:\/\/www.sv-boeblingen.de\/turnen\/wp-content\/uploads\/2019\/11\/2013031701-500x283.jpg",500,283,true],"vp_md":["https:\/\/www.sv-boeblingen.de\/turnen\/wp-content\/uploads\/2019\/11\/2013031701.jpg",760,430,false],"vp_lg":["https:\/\/www.sv-boeblingen.de\/turnen\/wp-content\/uploads\/2019\/11\/2013031701.jpg",760,430,false],"vp_xl":["https:\/\/www.sv-boeblingen.de\/turnen\/wp-content\/uploads\/2019\/11\/2013031701.jpg",760,430,false],"vp_sm_popup":["https:\/\/www.sv-boeblingen.de\/turnen\/wp-content\/uploads\/2019\/11\/2013031701-500x283.jpg",500,283,true],"vp_md_popup":["https:\/\/www.sv-boeblingen.de\/turnen\/wp-content\/uploads\/2019\/11\/2013031701.jpg",760,430,false],"vp_xl_popup":["https:\/\/www.sv-boeblingen.de\/turnen\/wp-content\/uploads\/2019\/11\/2013031701.jpg",760,430,false],"suffice-thumbnail-grid":["https:\/\/www.sv-boeblingen.de\/turnen\/wp-content\/uploads\/2019\/11\/2013031701-750x420.jpg",750,420,true],"suffice-thumbnail-featured-one":["https:\/\/www.sv-boeblingen.de\/turnen\/wp-content\/uploads\/2019\/11\/2013031701-295x430.jpg",295,430,true],"suffice-thumbnail-featured-two":["https:\/\/www.sv-boeblingen.de\/turnen\/wp-content\/uploads\/2019\/11\/2013031701.jpg",760,430,false],"suffice-thumbnail-portfolio":["https:\/\/www.sv-boeblingen.de\/turnen\/wp-content\/uploads\/2019\/11\/2013031701-572x430.jpg",572,430,true],"suffice-thumbnail-portfolio-masonry":["https:\/\/www.sv-boeblingen.de\/turnen\/wp-content\/uploads\/2019\/11\/2013031701-572x430.jpg",572,430,true],"400x250-crop":["https:\/\/www.sv-boeblingen.de\/turnen\/wp-content\/uploads\/2019\/11\/2013031701-400x250.jpg",400,250,true],"woocommerce_thumbnail":["https:\/\/www.sv-boeblingen.de\/turnen\/wp-content\/uploads\/2019\/11\/2013031701-300x430.jpg",300,430,true],"woocommerce_single":["https:\/\/www.sv-boeblingen.de\/turnen\/wp-content\/uploads\/2019\/11\/2013031701-600x339.jpg",600,339,true],"woocommerce_gallery_thumbnail":["https:\/\/www.sv-boeblingen.de\/turnen\/wp-content\/uploads\/2019\/11\/2013031701-100x100.jpg",100,100,true],"shop_catalog":["https:\/\/www.sv-boeblingen.de\/turnen\/wp-content\/uploads\/2019\/11\/2013031701-300x430.jpg",300,430,true],"shop_single":["https:\/\/www.sv-boeblingen.de\/turnen\/wp-content\/uploads\/2019\/11\/2013031701-600x339.jpg",600,339,true],"shop_thumbnail":["https:\/\/www.sv-boeblingen.de\/turnen\/wp-content\/uploads\/2019\/11\/2013031701-100x100.jpg",100,100,true],"sow-carousel-default":["https:\/\/www.sv-boeblingen.de\/turnen\/wp-content\/uploads\/2019\/11\/2013031701-272x182.jpg",272,182,true]},"post_excerpt_stackable_v2":"<p>Freudenspr\u00fcnge nach dem vierten Wettkampftag in der h\u00f6chsten w\u00fcrttembergischen Liga: Die WKG G\u00e4u-Sch\u00f6nbuch II darf am Saisonfinale der vier besten Oberligamannschaften teilnehmen<\/p>\n","category_list_v2":"<a href=\"https:\/\/www.sv-boeblingen.de\/turnen\/category\/wettkampf\/\" rel=\"category tag\">Wettkampf<\/a>","author_info_v2":{"name":"Anna","url":"https:\/\/www.sv-boeblingen.de\/turnen\/author\/anna\/"},"comments_num_v2":"0 comments","featured_image_src":"https:\/\/www.sv-boeblingen.de\/turnen\/wp-content\/uploads\/2019\/11\/2013031701-600x400.jpg","featured_image_src_square":"https:\/\/www.sv-boeblingen.de\/turnen\/wp-content\/uploads\/2019\/11\/2013031701-600x430.jpg","_links":{"self":[{"href":"https:\/\/www.sv-boeblingen.de\/turnen\/wp-json\/wp\/v2\/posts\/2069"}],"collection":[{"href":"https:\/\/www.sv-boeblingen.de\/turnen\/wp-json\/wp\/v2\/posts"}],"about":[{"href":"https:\/\/www.sv-boeblingen.de\/turnen\/wp-json\/wp\/v2\/types\/post"}],"author":[{"embeddable":true,"href":"https:\/\/www.sv-boeblingen.de\/turnen\/wp-json\/wp\/v2\/users\/1"}],"replies":[{"embeddable":true,"href":"https:\/\/www.sv-boeblingen.de\/turnen\/wp-json\/wp\/v2\/comments?post=2069"}],"version-history":[{"count":0,"href":"https:\/\/www.sv-boeblingen.de\/turnen\/wp-json\/wp\/v2\/posts\/2069\/revisions"}],"wp:featuredmedia":[{"embeddable":true,"href":"https:\/\/www.sv-boeblingen.de\/turnen\/wp-json\/wp\/v2\/media\/2070"}],"wp:attachment":[{"href":"https:\/\/www.sv-boeblingen.de\/turnen\/wp-json\/wp\/v2\/media?parent=2069"}],"wp:term":[{"taxonomy":"category","embeddable":true,"href":"https:\/\/www.sv-boeblingen.de\/turnen\/wp-json\/wp\/v2\/categories?post=2069"},{"taxonomy":"post_tag","embeddable":true,"href":"https:\/\/www.sv-boeblingen.de\/turnen\/wp-json\/wp\/v2\/tags?post=2069"}],"curies":[{"name":"wp","href":"https:\/\/api.w.org\/{rel}","templated":true}]}}