{"id":2018,"date":"2016-07-31T12:12:02","date_gmt":"2016-07-31T12:12:02","guid":{"rendered":"https:\/\/www.sv-boeblingen.de\/turnen\/?p=2018"},"modified":"2019-12-01T12:13:16","modified_gmt":"2019-12-01T12:13:16","slug":"miguel-in-boeblingen","status":"publish","type":"post","link":"https:\/\/www.sv-boeblingen.de\/turnen\/2016\/07\/31\/miguel-in-boeblingen\/","title":{"rendered":"Miguel in B\u00f6blingen"},"content":{"rendered":"<p><strong>Juli 2016 in B\u00f6blingen<br \/>\n<\/strong><\/p>\n<dl class=\"float-right\">\n<dt>\n<figure style=\"width: 328px\" class=\"wp-caption alignleft\"><img loading=\"lazy\" class=\"\" src=\"https:\/\/www.sv-boeblingen.de\/turnen\/images\/ArticlePics\/2016083001.jpg\" alt=\"\" width=\"328\" height=\"583\" \/><figcaption class=\"wp-caption-text\">Miguel trainiert Kinder in Aethiopien<\/figcaption><\/figure><\/dt>\n<dd><\/dd>\n<\/dl>\n<p>Miguel Angel Bruna Guerra war Turner der spanischen Nationalmannschaft. Nach seiner aktiven Karriere wurde Trainer und arbeitet mit den verschiedensten Teams. \u00dcber Umwege hat es ihn diesen Sommer nach B\u00f6blingen verschlagen, wo er bei allen Liagmannschaften als Trainer ausgeholfen hat und mit seinen Erfahrungen allen unseren Turnern und Turnerinnen neue Impulse geben konnte.<\/p>\n<p>Hier der Erfahrungsbericht in Miquels eigenen Worten: &#8220;Seit einigen Jahren arbeite ich als Trainer mit verschiedenen Clubs weltweit zusammen. Meine Stationen waren Madrid, die Kanarischen Inseln, Irland, England, Pennsylvania (USA) und diesen Sommer B\u00f6blingen und \u00c4thiopien.<\/p>\n<p>Meine Zeit in Deutschland war eine sehr bereichernde Erfahrung. Mich hat sowohl die Leistungsbereitschaft als auch das technische Niveau der Turner \u00fcberrascht, das sie trotz eingeschr\u00e4nkter Mittel, weniger Trainingsstunden und eines fehlenden festen Trainingsstandortes erreichen. Aber insbesondere hat mich die gute Arbeit und das Engagement der Trainer beeindruckt. Ich w\u00fcrde mich geehrt f\u00fchlen, wenn ich auch in Zukunft mit diesem Verein, der sich so sehr f\u00fcr das Ger\u00e4tturnen engagiert, zusammenarbeiten und meinen Teil beitragen k\u00f6nnte.<\/p>\n<p><strong>Ich m\u00f6chte dem Verein und insbesondere Angelika herzlich daf\u00fcr danken, dass ich die M\u00f6glichkeit hatte w\u00e4hrend der ersten Juliwochen als Trainer t\u00e4tig zu sein und meine Erfahrungen weitergeben zu k\u00f6nnen.&#8221;<\/strong><\/p>\n","protected":false},"excerpt":{"rendered":"<p>Miguel Angel Bruna Guerra war Turner der spanischen Nationalmannschaft. Nach seiner aktiven Karriere wurde Trainer und arbeitet mit den verschiedensten Teams.<\/p>\n","protected":false},"author":1,"featured_media":2292,"comment_status":"open","ping_status":"open","sticky":false,"template":"","format":"standard","meta":{"_vp_format_video_url":"","_vp_image_focal_point":[]},"categories":[38,40],"tags":[54],"featured_image_urls":{"full":["https:\/\/www.sv-boeblingen.de\/turnen\/wp-content\/uploads\/2013\/10\/LogoBackground.png",1520,860,false],"thumbnail":["https:\/\/www.sv-boeblingen.de\/turnen\/wp-content\/uploads\/2013\/10\/LogoBackground-150x150.png",150,150,true],"medium":["https:\/\/www.sv-boeblingen.de\/turnen\/wp-content\/uploads\/2013\/10\/LogoBackground-300x170.png",300,170,true],"medium_large":["https:\/\/www.sv-boeblingen.de\/turnen\/wp-content\/uploads\/2013\/10\/LogoBackground-768x435.png",768,435,true],"large":["https:\/\/www.sv-boeblingen.de\/turnen\/wp-content\/uploads\/2013\/10\/LogoBackground-1024x579.png",1024,579,true],"ESO-555x450-Crop":["https:\/\/www.sv-boeblingen.de\/turnen\/wp-content\/uploads\/2013\/10\/LogoBackground.png",555,314,false],"ESO-1280x720-Crop":["https:\/\/www.sv-boeblingen.de\/turnen\/wp-content\/uploads\/2013\/10\/LogoBackground.png",1273,720,false],"ESO-1920x1080-Crop":["https:\/\/www.sv-boeblingen.de\/turnen\/wp-content\/uploads\/2013\/10\/LogoBackground.png",1520,860,false],"ESO-360x450-Crop":["https:\/\/www.sv-boeblingen.de\/turnen\/wp-content\/uploads\/2013\/10\/LogoBackground.png",360,204,false],"ESO-720x900-Crop":["https:\/\/www.sv-boeblingen.de\/turnen\/wp-content\/uploads\/2013\/10\/LogoBackground.png",720,407,false],"ESO-360x450-Top":["https:\/\/www.sv-boeblingen.de\/turnen\/wp-content\/uploads\/2013\/10\/LogoBackground.png",360,204,false],"ESO-720x900-Top":["https:\/\/www.sv-boeblingen.de\/turnen\/wp-content\/uploads\/2013\/10\/LogoBackground.png",720,407,false],"thumblist":["https:\/\/www.sv-boeblingen.de\/turnen\/wp-content\/uploads\/2013\/10\/LogoBackground.png",300,170,false],"meccarouselthumb":["https:\/\/www.sv-boeblingen.de\/turnen\/wp-content\/uploads\/2013\/10\/LogoBackground.png",474,268,false],"gridsquare":["https:\/\/www.sv-boeblingen.de\/turnen\/wp-content\/uploads\/2013\/10\/LogoBackground.png",391,221,false],"tileview":["https:\/\/www.sv-boeblingen.de\/turnen\/wp-content\/uploads\/2013\/10\/LogoBackground.png",300,170,false],"timeline-express":["https:\/\/www.sv-boeblingen.de\/turnen\/wp-content\/uploads\/2013\/10\/LogoBackground-350x120.png",350,120,true],"timeline-express-thumbnail":["https:\/\/www.sv-boeblingen.de\/turnen\/wp-content\/uploads\/2013\/10\/LogoBackground-200x120.png",200,120,true],"folio":["https:\/\/www.sv-boeblingen.de\/turnen\/wp-content\/uploads\/2013\/10\/LogoBackground-600x400.png",600,400,true],"1536x1536":["https:\/\/www.sv-boeblingen.de\/turnen\/wp-content\/uploads\/2013\/10\/LogoBackground.png",1520,860,false],"2048x2048":["https:\/\/www.sv-boeblingen.de\/turnen\/wp-content\/uploads\/2013\/10\/LogoBackground.png",1520,860,false],"ab-block-post-grid-landscape":["https:\/\/www.sv-boeblingen.de\/turnen\/wp-content\/uploads\/2013\/10\/LogoBackground-600x400.png",600,400,true],"ab-block-post-grid-square":["https:\/\/www.sv-boeblingen.de\/turnen\/wp-content\/uploads\/2013\/10\/LogoBackground-600x600.png",600,600,true],"vp_sm":["https:\/\/www.sv-boeblingen.de\/turnen\/wp-content\/uploads\/2013\/10\/LogoBackground-500x283.png",500,283,true],"vp_md":["https:\/\/www.sv-boeblingen.de\/turnen\/wp-content\/uploads\/2013\/10\/LogoBackground-800x453.png",800,453,true],"vp_lg":["https:\/\/www.sv-boeblingen.de\/turnen\/wp-content\/uploads\/2013\/10\/LogoBackground-1280x724.png",1280,724,true],"vp_xl":["https:\/\/www.sv-boeblingen.de\/turnen\/wp-content\/uploads\/2013\/10\/LogoBackground.png",1520,860,false],"vp_sm_popup":["https:\/\/www.sv-boeblingen.de\/turnen\/wp-content\/uploads\/2013\/10\/LogoBackground-500x283.png",500,283,true],"vp_md_popup":["https:\/\/www.sv-boeblingen.de\/turnen\/wp-content\/uploads\/2013\/10\/LogoBackground-800x453.png",800,453,true],"vp_xl_popup":["https:\/\/www.sv-boeblingen.de\/turnen\/wp-content\/uploads\/2013\/10\/LogoBackground.png",1520,860,false],"suffice-thumbnail-grid":["https:\/\/www.sv-boeblingen.de\/turnen\/wp-content\/uploads\/2013\/10\/LogoBackground-750x420.png",750,420,true],"suffice-thumbnail-featured-one":["https:\/\/www.sv-boeblingen.de\/turnen\/wp-content\/uploads\/2013\/10\/LogoBackground-295x525.png",295,525,true],"suffice-thumbnail-featured-two":["https:\/\/www.sv-boeblingen.de\/turnen\/wp-content\/uploads\/2013\/10\/LogoBackground-1140x504.png",1140,504,true],"suffice-thumbnail-portfolio":["https:\/\/www.sv-boeblingen.de\/turnen\/wp-content\/uploads\/2013\/10\/LogoBackground-572x552.png",572,552,true],"suffice-thumbnail-portfolio-masonry":["https:\/\/www.sv-boeblingen.de\/turnen\/wp-content\/uploads\/2013\/10\/LogoBackground-572x652.png",572,652,true],"400x250-crop":["https:\/\/www.sv-boeblingen.de\/turnen\/wp-content\/uploads\/2013\/10\/LogoBackground-400x250.png",400,250,true],"woocommerce_thumbnail":["https:\/\/www.sv-boeblingen.de\/turnen\/wp-content\/uploads\/2013\/10\/LogoBackground-300x457.png",300,457,true],"woocommerce_single":["https:\/\/www.sv-boeblingen.de\/turnen\/wp-content\/uploads\/2013\/10\/LogoBackground-600x339.png",600,339,true],"woocommerce_gallery_thumbnail":["https:\/\/www.sv-boeblingen.de\/turnen\/wp-content\/uploads\/2013\/10\/LogoBackground-100x100.png",100,100,true],"shop_catalog":["https:\/\/www.sv-boeblingen.de\/turnen\/wp-content\/uploads\/2013\/10\/LogoBackground-300x457.png",300,457,true],"shop_single":["https:\/\/www.sv-boeblingen.de\/turnen\/wp-content\/uploads\/2013\/10\/LogoBackground-600x339.png",600,339,true],"shop_thumbnail":["https:\/\/www.sv-boeblingen.de\/turnen\/wp-content\/uploads\/2013\/10\/LogoBackground-100x100.png",100,100,true],"sow-carousel-default":["https:\/\/www.sv-boeblingen.de\/turnen\/wp-content\/uploads\/2013\/10\/LogoBackground-272x182.png",272,182,true]},"post_excerpt_stackable":"<p>Miguel Angel Bruna Guerra war Turner der spanischen Nationalmannschaft. Nach seiner aktiven Karriere wurde Trainer und arbeitet mit den verschiedensten Teams.<\/p>\n","category_list":"<a href=\"https:\/\/www.sv-boeblingen.de\/turnen\/category\/aktionen\/\" rel=\"category tag\">Aktionen<\/a>, <a href=\"https:\/\/www.sv-boeblingen.de\/turnen\/category\/sonstiges\/\" rel=\"category tag\">Sonstiges<\/a>","author_info":{"display_name":"Anna","author_link":"https:\/\/www.sv-boeblingen.de\/turnen\/author\/anna\/"},"comments_num":"0 comments","featured_image_urls_v2":{"full":["https:\/\/www.sv-boeblingen.de\/turnen\/wp-content\/uploads\/2013\/10\/LogoBackground.png",1520,860,false],"thumbnail":["https:\/\/www.sv-boeblingen.de\/turnen\/wp-content\/uploads\/2013\/10\/LogoBackground-150x150.png",150,150,true],"medium":["https:\/\/www.sv-boeblingen.de\/turnen\/wp-content\/uploads\/2013\/10\/LogoBackground-300x170.png",300,170,true],"medium_large":["https:\/\/www.sv-boeblingen.de\/turnen\/wp-content\/uploads\/2013\/10\/LogoBackground-768x435.png",768,435,true],"large":["https:\/\/www.sv-boeblingen.de\/turnen\/wp-content\/uploads\/2013\/10\/LogoBackground-1024x579.png",1024,579,true],"ESO-555x450-Crop":["https:\/\/www.sv-boeblingen.de\/turnen\/wp-content\/uploads\/2013\/10\/LogoBackground.png",555,314,false],"ESO-1280x720-Crop":["https:\/\/www.sv-boeblingen.de\/turnen\/wp-content\/uploads\/2013\/10\/LogoBackground.png",1273,720,false],"ESO-1920x1080-Crop":["https:\/\/www.sv-boeblingen.de\/turnen\/wp-content\/uploads\/2013\/10\/LogoBackground.png",1520,860,false],"ESO-360x450-Crop":["https:\/\/www.sv-boeblingen.de\/turnen\/wp-content\/uploads\/2013\/10\/LogoBackground.png",360,204,false],"ESO-720x900-Crop":["https:\/\/www.sv-boeblingen.de\/turnen\/wp-content\/uploads\/2013\/10\/LogoBackground.png",720,407,false],"ESO-360x450-Top":["https:\/\/www.sv-boeblingen.de\/turnen\/wp-content\/uploads\/2013\/10\/LogoBackground.png",360,204,false],"ESO-720x900-Top":["https:\/\/www.sv-boeblingen.de\/turnen\/wp-content\/uploads\/2013\/10\/LogoBackground.png",720,407,false],"thumblist":["https:\/\/www.sv-boeblingen.de\/turnen\/wp-content\/uploads\/2013\/10\/LogoBackground.png",300,170,false],"meccarouselthumb":["https:\/\/www.sv-boeblingen.de\/turnen\/wp-content\/uploads\/2013\/10\/LogoBackground.png",474,268,false],"gridsquare":["https:\/\/www.sv-boeblingen.de\/turnen\/wp-content\/uploads\/2013\/10\/LogoBackground.png",391,221,false],"tileview":["https:\/\/www.sv-boeblingen.de\/turnen\/wp-content\/uploads\/2013\/10\/LogoBackground.png",300,170,false],"timeline-express":["https:\/\/www.sv-boeblingen.de\/turnen\/wp-content\/uploads\/2013\/10\/LogoBackground-350x120.png",350,120,true],"timeline-express-thumbnail":["https:\/\/www.sv-boeblingen.de\/turnen\/wp-content\/uploads\/2013\/10\/LogoBackground-200x120.png",200,120,true],"folio":["https:\/\/www.sv-boeblingen.de\/turnen\/wp-content\/uploads\/2013\/10\/LogoBackground-600x400.png",600,400,true],"1536x1536":["https:\/\/www.sv-boeblingen.de\/turnen\/wp-content\/uploads\/2013\/10\/LogoBackground.png",1520,860,false],"2048x2048":["https:\/\/www.sv-boeblingen.de\/turnen\/wp-content\/uploads\/2013\/10\/LogoBackground.png",1520,860,false],"ab-block-post-grid-landscape":["https:\/\/www.sv-boeblingen.de\/turnen\/wp-content\/uploads\/2013\/10\/LogoBackground-600x400.png",600,400,true],"ab-block-post-grid-square":["https:\/\/www.sv-boeblingen.de\/turnen\/wp-content\/uploads\/2013\/10\/LogoBackground-600x600.png",600,600,true],"vp_sm":["https:\/\/www.sv-boeblingen.de\/turnen\/wp-content\/uploads\/2013\/10\/LogoBackground-500x283.png",500,283,true],"vp_md":["https:\/\/www.sv-boeblingen.de\/turnen\/wp-content\/uploads\/2013\/10\/LogoBackground-800x453.png",800,453,true],"vp_lg":["https:\/\/www.sv-boeblingen.de\/turnen\/wp-content\/uploads\/2013\/10\/LogoBackground-1280x724.png",1280,724,true],"vp_xl":["https:\/\/www.sv-boeblingen.de\/turnen\/wp-content\/uploads\/2013\/10\/LogoBackground.png",1520,860,false],"vp_sm_popup":["https:\/\/www.sv-boeblingen.de\/turnen\/wp-content\/uploads\/2013\/10\/LogoBackground-500x283.png",500,283,true],"vp_md_popup":["https:\/\/www.sv-boeblingen.de\/turnen\/wp-content\/uploads\/2013\/10\/LogoBackground-800x453.png",800,453,true],"vp_xl_popup":["https:\/\/www.sv-boeblingen.de\/turnen\/wp-content\/uploads\/2013\/10\/LogoBackground.png",1520,860,false],"suffice-thumbnail-grid":["https:\/\/www.sv-boeblingen.de\/turnen\/wp-content\/uploads\/2013\/10\/LogoBackground-750x420.png",750,420,true],"suffice-thumbnail-featured-one":["https:\/\/www.sv-boeblingen.de\/turnen\/wp-content\/uploads\/2013\/10\/LogoBackground-295x525.png",295,525,true],"suffice-thumbnail-featured-two":["https:\/\/www.sv-boeblingen.de\/turnen\/wp-content\/uploads\/2013\/10\/LogoBackground-1140x504.png",1140,504,true],"suffice-thumbnail-portfolio":["https:\/\/www.sv-boeblingen.de\/turnen\/wp-content\/uploads\/2013\/10\/LogoBackground-572x552.png",572,552,true],"suffice-thumbnail-portfolio-masonry":["https:\/\/www.sv-boeblingen.de\/turnen\/wp-content\/uploads\/2013\/10\/LogoBackground-572x652.png",572,652,true],"400x250-crop":["https:\/\/www.sv-boeblingen.de\/turnen\/wp-content\/uploads\/2013\/10\/LogoBackground-400x250.png",400,250,true],"woocommerce_thumbnail":["https:\/\/www.sv-boeblingen.de\/turnen\/wp-content\/uploads\/2013\/10\/LogoBackground-300x457.png",300,457,true],"woocommerce_single":["https:\/\/www.sv-boeblingen.de\/turnen\/wp-content\/uploads\/2013\/10\/LogoBackground-600x339.png",600,339,true],"woocommerce_gallery_thumbnail":["https:\/\/www.sv-boeblingen.de\/turnen\/wp-content\/uploads\/2013\/10\/LogoBackground-100x100.png",100,100,true],"shop_catalog":["https:\/\/www.sv-boeblingen.de\/turnen\/wp-content\/uploads\/2013\/10\/LogoBackground-300x457.png",300,457,true],"shop_single":["https:\/\/www.sv-boeblingen.de\/turnen\/wp-content\/uploads\/2013\/10\/LogoBackground-600x339.png",600,339,true],"shop_thumbnail":["https:\/\/www.sv-boeblingen.de\/turnen\/wp-content\/uploads\/2013\/10\/LogoBackground-100x100.png",100,100,true],"sow-carousel-default":["https:\/\/www.sv-boeblingen.de\/turnen\/wp-content\/uploads\/2013\/10\/LogoBackground-272x182.png",272,182,true]},"post_excerpt_stackable_v2":"<p>Miguel Angel Bruna Guerra war Turner der spanischen Nationalmannschaft. Nach seiner aktiven Karriere wurde Trainer und arbeitet mit den verschiedensten Teams.<\/p>\n","category_list_v2":"<a href=\"https:\/\/www.sv-boeblingen.de\/turnen\/category\/aktionen\/\" rel=\"category tag\">Aktionen<\/a>, <a href=\"https:\/\/www.sv-boeblingen.de\/turnen\/category\/sonstiges\/\" rel=\"category tag\">Sonstiges<\/a>","author_info_v2":{"name":"Anna","url":"https:\/\/www.sv-boeblingen.de\/turnen\/author\/anna\/"},"comments_num_v2":"0 comments","featured_image_src":"https:\/\/www.sv-boeblingen.de\/turnen\/wp-content\/uploads\/2013\/10\/LogoBackground-600x400.png","featured_image_src_square":"https:\/\/www.sv-boeblingen.de\/turnen\/wp-content\/uploads\/2013\/10\/LogoBackground-600x600.png","_links":{"self":[{"href":"https:\/\/www.sv-boeblingen.de\/turnen\/wp-json\/wp\/v2\/posts\/2018"}],"collection":[{"href":"https:\/\/www.sv-boeblingen.de\/turnen\/wp-json\/wp\/v2\/posts"}],"about":[{"href":"https:\/\/www.sv-boeblingen.de\/turnen\/wp-json\/wp\/v2\/types\/post"}],"author":[{"embeddable":true,"href":"https:\/\/www.sv-boeblingen.de\/turnen\/wp-json\/wp\/v2\/users\/1"}],"replies":[{"embeddable":true,"href":"https:\/\/www.sv-boeblingen.de\/turnen\/wp-json\/wp\/v2\/comments?post=2018"}],"version-history":[{"count":0,"href":"https:\/\/www.sv-boeblingen.de\/turnen\/wp-json\/wp\/v2\/posts\/2018\/revisions"}],"wp:featuredmedia":[{"embeddable":true,"href":"https:\/\/www.sv-boeblingen.de\/turnen\/wp-json\/wp\/v2\/media\/2292"}],"wp:attachment":[{"href":"https:\/\/www.sv-boeblingen.de\/turnen\/wp-json\/wp\/v2\/media?parent=2018"}],"wp:term":[{"taxonomy":"category","embeddable":true,"href":"https:\/\/www.sv-boeblingen.de\/turnen\/wp-json\/wp\/v2\/categories?post=2018"},{"taxonomy":"post_tag","embeddable":true,"href":"https:\/\/www.sv-boeblingen.de\/turnen\/wp-json\/wp\/v2\/tags?post=2018"}],"curies":[{"name":"wp","href":"https:\/\/api.w.org\/{rel}","templated":true}]}}