{"id":2005,"date":"2013-06-30T17:21:00","date_gmt":"2013-06-30T17:21:00","guid":{"rendered":"https:\/\/www.sv-boeblingen.de\/turnen\/?p=2005"},"modified":"2019-11-28T14:01:12","modified_gmt":"2019-11-28T14:01:12","slug":"gaukinderturnfest-2013","status":"publish","type":"post","link":"https:\/\/www.sv-boeblingen.de\/turnen\/2013\/06\/30\/gaukinderturnfest-2013\/","title":{"rendered":"Gaukinderturnfest 2013"},"content":{"rendered":"<p>Letzten Samstag, am 30.6.2013 k\u00e4mpften \u00fcber 30 M\u00e4dchen und Jungs der SVB Turnabteilung um den Sieg bei Staffell\u00e4ufen und Turnwettk\u00e4mpfen. Morgens um 8. 30 Uhr ging es los- die Turnerinnen und Turner trudeln in Holzgerlingen zum Gaukinderturnfest ein.<\/p>\n<p>Nicht nur der Wettkampf lief, trotz der Anzahl von 650 Kindern, reibungslos ab, sondern auch das Rahmenprogramm. Super Wetter, Staffell\u00e4ufe, Turnauff\u00fchrungen des ausrichtenden Vereins Holzgerlingen; spielen und turnen auf der Stadionswiese- die Kinder hatten sehr viel Spa\u00df und Freude.<\/p>\n<dl class=\"float-right\">\n<dt>\n<figure style=\"width: 505px\" class=\"wp-caption aligncenter\"><img loading=\"lazy\" src=\"https:\/\/www.sv-boeblingen.de\/turnen\/images\/ArticlePics\/2013063002.jpg\" alt=\"\" width=\"505\" height=\"379\" \/><figcaption class=\"wp-caption-text\">Siegerinnen der j\u00fcngeren M\u00e4dchen zwischen 8 und 11<\/figcaption><\/figure><\/dt>\n<dd><\/dd>\n<\/dl>\n<p>Eine zus\u00e4tzliche Motivation gab es dann um 15. 30 Uhr, als die hei\u00df ersehnte Siegerehrung begann. Hier gab es ein Platz auf dem Treppchen f\u00fcr Alina Pl\u00fcmer (Platz 2), Finja Finkbeiner (Platz 3), Thomas Riesch (Platz 3), Dennis Melnichuk (1), Katja Schicke(Platz 1), Jule Schleh (Platz 3), Leontine Grobel (Platz 2), Florence Brodbeck (Platz 1), Madeleine Golasch (Platz 1), Am\u00e9lie Lehr(Platz 2) und Laura Jovic (Platz 3).<\/p>\n<p>Ein besonderes Highlight lieferten die M\u00e4dchen der AK8, die das Treppchen mit Platz 1-3 komplett f\u00fcr sich einnahmen und den Wettkampf somit f\u00fcr sich entschieden. Auch die anderen Jungs und M\u00e4dchen lieferten sch\u00f6ne \u00dcbungen und hatten sehr viel Spa\u00df an dem langen, aber tollen Wettkampftag.<\/p>\n<p><strong>Ein gro\u00dfer Dank geht auch an die Kampfrichter und Trainer, ohne die der Wettkampf nicht m\u00f6glich gewesen w\u00e4re.<\/strong><\/p>\n","protected":false},"excerpt":{"rendered":"<p>Letzten Samstag, am 30.6.2013 k\u00e4mpften \u00fcber 30 M\u00e4dchen und Jungs der SVB Turnabteilung um den Sieg bei Staffell\u00e4ufen und Turnwettk\u00e4mpfen. Morgens um 8. 30 Uhr ging es los- die Turnerinnen und Turner trudeln in Holzgerlingen zum Gaukinderturnfest ein.<\/p>\n","protected":false},"author":1,"featured_media":2020,"comment_status":"open","ping_status":"open","sticky":false,"template":"","format":"standard","meta":{"_vp_format_video_url":"","_vp_image_focal_point":[]},"categories":[41],"tags":[],"featured_image_urls":{"full":["https:\/\/www.sv-boeblingen.de\/turnen\/wp-content\/uploads\/2019\/11\/2013063001.jpg",760,428,false],"thumbnail":["https:\/\/www.sv-boeblingen.de\/turnen\/wp-content\/uploads\/2019\/11\/2013063001-150x150.jpg",150,150,true],"medium":["https:\/\/www.sv-boeblingen.de\/turnen\/wp-content\/uploads\/2019\/11\/2013063001-300x169.jpg",300,169,true],"medium_large":["https:\/\/www.sv-boeblingen.de\/turnen\/wp-content\/uploads\/2019\/11\/2013063001.jpg",760,428,false],"large":["https:\/\/www.sv-boeblingen.de\/turnen\/wp-content\/uploads\/2019\/11\/2013063001.jpg",760,428,false],"ESO-555x450-Crop":["https:\/\/www.sv-boeblingen.de\/turnen\/wp-content\/uploads\/2019\/11\/2013063001.jpg",555,313,false],"ESO-1280x720-Crop":["https:\/\/www.sv-boeblingen.de\/turnen\/wp-content\/uploads\/2019\/11\/2013063001.jpg",760,428,false],"ESO-1920x1080-Crop":["https:\/\/www.sv-boeblingen.de\/turnen\/wp-content\/uploads\/2019\/11\/2013063001.jpg",760,428,false],"ESO-360x450-Crop":["https:\/\/www.sv-boeblingen.de\/turnen\/wp-content\/uploads\/2019\/11\/2013063001.jpg",360,203,false],"ESO-720x900-Crop":["https:\/\/www.sv-boeblingen.de\/turnen\/wp-content\/uploads\/2019\/11\/2013063001.jpg",720,405,false],"ESO-360x450-Top":["https:\/\/www.sv-boeblingen.de\/turnen\/wp-content\/uploads\/2019\/11\/2013063001.jpg",360,203,false],"ESO-720x900-Top":["https:\/\/www.sv-boeblingen.de\/turnen\/wp-content\/uploads\/2019\/11\/2013063001.jpg",720,405,false],"thumblist":["https:\/\/www.sv-boeblingen.de\/turnen\/wp-content\/uploads\/2019\/11\/2013063001.jpg",300,169,false],"meccarouselthumb":["https:\/\/www.sv-boeblingen.de\/turnen\/wp-content\/uploads\/2019\/11\/2013063001.jpg",474,267,false],"gridsquare":["https:\/\/www.sv-boeblingen.de\/turnen\/wp-content\/uploads\/2019\/11\/2013063001.jpg",391,220,false],"tileview":["https:\/\/www.sv-boeblingen.de\/turnen\/wp-content\/uploads\/2019\/11\/2013063001.jpg",300,169,false],"timeline-express":["https:\/\/www.sv-boeblingen.de\/turnen\/wp-content\/uploads\/2019\/11\/2013063001-350x120.jpg",350,120,true],"timeline-express-thumbnail":["https:\/\/www.sv-boeblingen.de\/turnen\/wp-content\/uploads\/2019\/11\/2013063001-200x120.jpg",200,120,true],"folio":["https:\/\/www.sv-boeblingen.de\/turnen\/wp-content\/uploads\/2019\/11\/2013063001-600x400.jpg",600,400,true],"1536x1536":["https:\/\/www.sv-boeblingen.de\/turnen\/wp-content\/uploads\/2019\/11\/2013063001.jpg",760,428,false],"2048x2048":["https:\/\/www.sv-boeblingen.de\/turnen\/wp-content\/uploads\/2019\/11\/2013063001.jpg",760,428,false],"ab-block-post-grid-landscape":["https:\/\/www.sv-boeblingen.de\/turnen\/wp-content\/uploads\/2019\/11\/2013063001-600x400.jpg",600,400,true],"ab-block-post-grid-square":["https:\/\/www.sv-boeblingen.de\/turnen\/wp-content\/uploads\/2019\/11\/2013063001-600x428.jpg",600,428,true],"vp_sm":["https:\/\/www.sv-boeblingen.de\/turnen\/wp-content\/uploads\/2019\/11\/2013063001-500x282.jpg",500,282,true],"vp_md":["https:\/\/www.sv-boeblingen.de\/turnen\/wp-content\/uploads\/2019\/11\/2013063001.jpg",760,428,false],"vp_lg":["https:\/\/www.sv-boeblingen.de\/turnen\/wp-content\/uploads\/2019\/11\/2013063001.jpg",760,428,false],"vp_xl":["https:\/\/www.sv-boeblingen.de\/turnen\/wp-content\/uploads\/2019\/11\/2013063001.jpg",760,428,false],"vp_sm_popup":["https:\/\/www.sv-boeblingen.de\/turnen\/wp-content\/uploads\/2019\/11\/2013063001-500x282.jpg",500,282,true],"vp_md_popup":["https:\/\/www.sv-boeblingen.de\/turnen\/wp-content\/uploads\/2019\/11\/2013063001.jpg",760,428,false],"vp_xl_popup":["https:\/\/www.sv-boeblingen.de\/turnen\/wp-content\/uploads\/2019\/11\/2013063001.jpg",760,428,false],"suffice-thumbnail-grid":["https:\/\/www.sv-boeblingen.de\/turnen\/wp-content\/uploads\/2019\/11\/2013063001-750x420.jpg",750,420,true],"suffice-thumbnail-featured-one":["https:\/\/www.sv-boeblingen.de\/turnen\/wp-content\/uploads\/2019\/11\/2013063001-295x428.jpg",295,428,true],"suffice-thumbnail-featured-two":["https:\/\/www.sv-boeblingen.de\/turnen\/wp-content\/uploads\/2019\/11\/2013063001.jpg",760,428,false],"suffice-thumbnail-portfolio":["https:\/\/www.sv-boeblingen.de\/turnen\/wp-content\/uploads\/2019\/11\/2013063001-572x428.jpg",572,428,true],"suffice-thumbnail-portfolio-masonry":["https:\/\/www.sv-boeblingen.de\/turnen\/wp-content\/uploads\/2019\/11\/2013063001-572x428.jpg",572,428,true],"400x250-crop":["https:\/\/www.sv-boeblingen.de\/turnen\/wp-content\/uploads\/2019\/11\/2013063001-400x250.jpg",400,250,true],"woocommerce_thumbnail":["https:\/\/www.sv-boeblingen.de\/turnen\/wp-content\/uploads\/2019\/11\/2013063001-300x428.jpg",300,428,true],"woocommerce_single":["https:\/\/www.sv-boeblingen.de\/turnen\/wp-content\/uploads\/2019\/11\/2013063001-600x338.jpg",600,338,true],"woocommerce_gallery_thumbnail":["https:\/\/www.sv-boeblingen.de\/turnen\/wp-content\/uploads\/2019\/11\/2013063001-100x100.jpg",100,100,true],"shop_catalog":["https:\/\/www.sv-boeblingen.de\/turnen\/wp-content\/uploads\/2019\/11\/2013063001-300x428.jpg",300,428,true],"shop_single":["https:\/\/www.sv-boeblingen.de\/turnen\/wp-content\/uploads\/2019\/11\/2013063001-600x338.jpg",600,338,true],"shop_thumbnail":["https:\/\/www.sv-boeblingen.de\/turnen\/wp-content\/uploads\/2019\/11\/2013063001-100x100.jpg",100,100,true],"sow-carousel-default":["https:\/\/www.sv-boeblingen.de\/turnen\/wp-content\/uploads\/2019\/11\/2013063001-272x182.jpg",272,182,true]},"post_excerpt_stackable":"<p>Letzten Samstag, am 30.6.2013 k\u00e4mpften \u00fcber 30 M\u00e4dchen und Jungs der SVB Turnabteilung um den Sieg bei Staffell\u00e4ufen und Turnwettk\u00e4mpfen. Morgens um 8. 30 Uhr ging es los- die Turnerinnen und Turner trudeln in Holzgerlingen zum Gaukinderturnfest ein.<\/p>\n","category_list":"<a href=\"https:\/\/www.sv-boeblingen.de\/turnen\/category\/wettkampf\/\" rel=\"category tag\">Wettkampf<\/a>","author_info":{"display_name":"Anna","author_link":"https:\/\/www.sv-boeblingen.de\/turnen\/author\/anna\/"},"comments_num":"0 comments","featured_image_urls_v2":{"full":["https:\/\/www.sv-boeblingen.de\/turnen\/wp-content\/uploads\/2019\/11\/2013063001.jpg",760,428,false],"thumbnail":["https:\/\/www.sv-boeblingen.de\/turnen\/wp-content\/uploads\/2019\/11\/2013063001-150x150.jpg",150,150,true],"medium":["https:\/\/www.sv-boeblingen.de\/turnen\/wp-content\/uploads\/2019\/11\/2013063001-300x169.jpg",300,169,true],"medium_large":["https:\/\/www.sv-boeblingen.de\/turnen\/wp-content\/uploads\/2019\/11\/2013063001.jpg",760,428,false],"large":["https:\/\/www.sv-boeblingen.de\/turnen\/wp-content\/uploads\/2019\/11\/2013063001.jpg",760,428,false],"ESO-555x450-Crop":["https:\/\/www.sv-boeblingen.de\/turnen\/wp-content\/uploads\/2019\/11\/2013063001.jpg",555,313,false],"ESO-1280x720-Crop":["https:\/\/www.sv-boeblingen.de\/turnen\/wp-content\/uploads\/2019\/11\/2013063001.jpg",760,428,false],"ESO-1920x1080-Crop":["https:\/\/www.sv-boeblingen.de\/turnen\/wp-content\/uploads\/2019\/11\/2013063001.jpg",760,428,false],"ESO-360x450-Crop":["https:\/\/www.sv-boeblingen.de\/turnen\/wp-content\/uploads\/2019\/11\/2013063001.jpg",360,203,false],"ESO-720x900-Crop":["https:\/\/www.sv-boeblingen.de\/turnen\/wp-content\/uploads\/2019\/11\/2013063001.jpg",720,405,false],"ESO-360x450-Top":["https:\/\/www.sv-boeblingen.de\/turnen\/wp-content\/uploads\/2019\/11\/2013063001.jpg",360,203,false],"ESO-720x900-Top":["https:\/\/www.sv-boeblingen.de\/turnen\/wp-content\/uploads\/2019\/11\/2013063001.jpg",720,405,false],"thumblist":["https:\/\/www.sv-boeblingen.de\/turnen\/wp-content\/uploads\/2019\/11\/2013063001.jpg",300,169,false],"meccarouselthumb":["https:\/\/www.sv-boeblingen.de\/turnen\/wp-content\/uploads\/2019\/11\/2013063001.jpg",474,267,false],"gridsquare":["https:\/\/www.sv-boeblingen.de\/turnen\/wp-content\/uploads\/2019\/11\/2013063001.jpg",391,220,false],"tileview":["https:\/\/www.sv-boeblingen.de\/turnen\/wp-content\/uploads\/2019\/11\/2013063001.jpg",300,169,false],"timeline-express":["https:\/\/www.sv-boeblingen.de\/turnen\/wp-content\/uploads\/2019\/11\/2013063001-350x120.jpg",350,120,true],"timeline-express-thumbnail":["https:\/\/www.sv-boeblingen.de\/turnen\/wp-content\/uploads\/2019\/11\/2013063001-200x120.jpg",200,120,true],"folio":["https:\/\/www.sv-boeblingen.de\/turnen\/wp-content\/uploads\/2019\/11\/2013063001-600x400.jpg",600,400,true],"1536x1536":["https:\/\/www.sv-boeblingen.de\/turnen\/wp-content\/uploads\/2019\/11\/2013063001.jpg",760,428,false],"2048x2048":["https:\/\/www.sv-boeblingen.de\/turnen\/wp-content\/uploads\/2019\/11\/2013063001.jpg",760,428,false],"ab-block-post-grid-landscape":["https:\/\/www.sv-boeblingen.de\/turnen\/wp-content\/uploads\/2019\/11\/2013063001-600x400.jpg",600,400,true],"ab-block-post-grid-square":["https:\/\/www.sv-boeblingen.de\/turnen\/wp-content\/uploads\/2019\/11\/2013063001-600x428.jpg",600,428,true],"vp_sm":["https:\/\/www.sv-boeblingen.de\/turnen\/wp-content\/uploads\/2019\/11\/2013063001-500x282.jpg",500,282,true],"vp_md":["https:\/\/www.sv-boeblingen.de\/turnen\/wp-content\/uploads\/2019\/11\/2013063001.jpg",760,428,false],"vp_lg":["https:\/\/www.sv-boeblingen.de\/turnen\/wp-content\/uploads\/2019\/11\/2013063001.jpg",760,428,false],"vp_xl":["https:\/\/www.sv-boeblingen.de\/turnen\/wp-content\/uploads\/2019\/11\/2013063001.jpg",760,428,false],"vp_sm_popup":["https:\/\/www.sv-boeblingen.de\/turnen\/wp-content\/uploads\/2019\/11\/2013063001-500x282.jpg",500,282,true],"vp_md_popup":["https:\/\/www.sv-boeblingen.de\/turnen\/wp-content\/uploads\/2019\/11\/2013063001.jpg",760,428,false],"vp_xl_popup":["https:\/\/www.sv-boeblingen.de\/turnen\/wp-content\/uploads\/2019\/11\/2013063001.jpg",760,428,false],"suffice-thumbnail-grid":["https:\/\/www.sv-boeblingen.de\/turnen\/wp-content\/uploads\/2019\/11\/2013063001-750x420.jpg",750,420,true],"suffice-thumbnail-featured-one":["https:\/\/www.sv-boeblingen.de\/turnen\/wp-content\/uploads\/2019\/11\/2013063001-295x428.jpg",295,428,true],"suffice-thumbnail-featured-two":["https:\/\/www.sv-boeblingen.de\/turnen\/wp-content\/uploads\/2019\/11\/2013063001.jpg",760,428,false],"suffice-thumbnail-portfolio":["https:\/\/www.sv-boeblingen.de\/turnen\/wp-content\/uploads\/2019\/11\/2013063001-572x428.jpg",572,428,true],"suffice-thumbnail-portfolio-masonry":["https:\/\/www.sv-boeblingen.de\/turnen\/wp-content\/uploads\/2019\/11\/2013063001-572x428.jpg",572,428,true],"400x250-crop":["https:\/\/www.sv-boeblingen.de\/turnen\/wp-content\/uploads\/2019\/11\/2013063001-400x250.jpg",400,250,true],"woocommerce_thumbnail":["https:\/\/www.sv-boeblingen.de\/turnen\/wp-content\/uploads\/2019\/11\/2013063001-300x428.jpg",300,428,true],"woocommerce_single":["https:\/\/www.sv-boeblingen.de\/turnen\/wp-content\/uploads\/2019\/11\/2013063001-600x338.jpg",600,338,true],"woocommerce_gallery_thumbnail":["https:\/\/www.sv-boeblingen.de\/turnen\/wp-content\/uploads\/2019\/11\/2013063001-100x100.jpg",100,100,true],"shop_catalog":["https:\/\/www.sv-boeblingen.de\/turnen\/wp-content\/uploads\/2019\/11\/2013063001-300x428.jpg",300,428,true],"shop_single":["https:\/\/www.sv-boeblingen.de\/turnen\/wp-content\/uploads\/2019\/11\/2013063001-600x338.jpg",600,338,true],"shop_thumbnail":["https:\/\/www.sv-boeblingen.de\/turnen\/wp-content\/uploads\/2019\/11\/2013063001-100x100.jpg",100,100,true],"sow-carousel-default":["https:\/\/www.sv-boeblingen.de\/turnen\/wp-content\/uploads\/2019\/11\/2013063001-272x182.jpg",272,182,true]},"post_excerpt_stackable_v2":"<p>Letzten Samstag, am 30.6.2013 k\u00e4mpften \u00fcber 30 M\u00e4dchen und Jungs der SVB Turnabteilung um den Sieg bei Staffell\u00e4ufen und Turnwettk\u00e4mpfen. Morgens um 8. 30 Uhr ging es los- die Turnerinnen und Turner trudeln in Holzgerlingen zum Gaukinderturnfest ein.<\/p>\n","category_list_v2":"<a href=\"https:\/\/www.sv-boeblingen.de\/turnen\/category\/wettkampf\/\" rel=\"category tag\">Wettkampf<\/a>","author_info_v2":{"name":"Anna","url":"https:\/\/www.sv-boeblingen.de\/turnen\/author\/anna\/"},"comments_num_v2":"0 comments","featured_image_src":"https:\/\/www.sv-boeblingen.de\/turnen\/wp-content\/uploads\/2019\/11\/2013063001-600x400.jpg","featured_image_src_square":"https:\/\/www.sv-boeblingen.de\/turnen\/wp-content\/uploads\/2019\/11\/2013063001-600x428.jpg","_links":{"self":[{"href":"https:\/\/www.sv-boeblingen.de\/turnen\/wp-json\/wp\/v2\/posts\/2005"}],"collection":[{"href":"https:\/\/www.sv-boeblingen.de\/turnen\/wp-json\/wp\/v2\/posts"}],"about":[{"href":"https:\/\/www.sv-boeblingen.de\/turnen\/wp-json\/wp\/v2\/types\/post"}],"author":[{"embeddable":true,"href":"https:\/\/www.sv-boeblingen.de\/turnen\/wp-json\/wp\/v2\/users\/1"}],"replies":[{"embeddable":true,"href":"https:\/\/www.sv-boeblingen.de\/turnen\/wp-json\/wp\/v2\/comments?post=2005"}],"version-history":[{"count":0,"href":"https:\/\/www.sv-boeblingen.de\/turnen\/wp-json\/wp\/v2\/posts\/2005\/revisions"}],"wp:featuredmedia":[{"embeddable":true,"href":"https:\/\/www.sv-boeblingen.de\/turnen\/wp-json\/wp\/v2\/media\/2020"}],"wp:attachment":[{"href":"https:\/\/www.sv-boeblingen.de\/turnen\/wp-json\/wp\/v2\/media?parent=2005"}],"wp:term":[{"taxonomy":"category","embeddable":true,"href":"https:\/\/www.sv-boeblingen.de\/turnen\/wp-json\/wp\/v2\/categories?post=2005"},{"taxonomy":"post_tag","embeddable":true,"href":"https:\/\/www.sv-boeblingen.de\/turnen\/wp-json\/wp\/v2\/tags?post=2005"}],"curies":[{"name":"wp","href":"https:\/\/api.w.org\/{rel}","templated":true}]}}